{"id":122005,"date":"2024-07-21T16:45:54","date_gmt":"2024-07-21T21:45:54","guid":{"rendered":"https:\/\/diariodigitalmx.com\/?p=122005"},"modified":"2024-07-21T16:48:24","modified_gmt":"2024-07-21T21:48:24","slug":"imparten-platica-de-cultura-vial-a-taxistas-de-la-croc","status":"publish","type":"post","link":"https:\/\/diariodigitalmx.com\/index.php\/2024\/07\/21\/imparten-platica-de-cultura-vial-a-taxistas-de-la-croc\/","title":{"rendered":"Imparten pl\u00e1tica de cultura vial a taxistas de la CROC"},"content":{"rendered":"\n<p>Con el objetivo de disminuir los accidentes y fomentar la cultura vial, la Direcci\u00f3n de Tr\u00e1nsito de Monterrey ofreci\u00f3 una pl\u00e1tica a taxistas agremiados a la CROC.<\/p>\n\n\n\n<p>El estudio del Reglamento Homologado de Tr\u00e1nsito fue el eje principal de este taller, al que asistieron cerca de 50 choferes.<\/p>\n\n\n\n<figure class=\"wp-block-image size-large\"><img loading=\"lazy\" decoding=\"async\" width=\"1024\" height=\"768\" src=\"https:\/\/diariodigitalmx.com\/wp-content\/uploads\/2024\/07\/TALLER-TAXIS-4-1024x768.jpg\" alt=\"\" class=\"wp-image-122009\" srcset=\"https:\/\/diariodigitalmx.com\/wp-content\/uploads\/2024\/07\/TALLER-TAXIS-4-1024x768.jpg 1024w, https:\/\/diariodigitalmx.com\/wp-content\/uploads\/2024\/07\/TALLER-TAXIS-4-300x225.jpg 300w, https:\/\/diariodigitalmx.com\/wp-content\/uploads\/2024\/07\/TALLER-TAXIS-4-768x576.jpg 768w, https:\/\/diariodigitalmx.com\/wp-content\/uploads\/2024\/07\/TALLER-TAXIS-4.jpg 1280w\" sizes=\"(max-width: 1024px) 100vw, 1024px\" \/><\/figure>\n\n\n\n<p>Gerardo Gloria Ju\u00e1rez, Director de Vialidad y Tr\u00e1nsito municipal imparti\u00f3 la pl\u00e1tica, en la que estuvo Osvaldo Serna Serv\u00edn, Secretario General del Transporte de la CROC.<\/p>\n\n\n\n<p>&#8220;Es importante que los taxistas tengan este inter\u00e9s en conocer m\u00e1s de las normas de tr\u00e1nsito y en este caso en particular de las se\u00f1ales viales&#8221;, expres\u00f3 Gloria Ju\u00e1rez.<\/p>\n\n\n\n<p>El directivo del gremio sindical agradeci\u00f3 a las autoridades municipales por estas acciones que implementan para disminuir los percances.<\/p>\n\n\n\n<figure class=\"wp-block-gallery has-nested-images columns-default is-cropped wp-block-gallery-1 is-layout-flex wp-block-gallery-is-layout-flex\">\n<figure class=\"wp-block-image size-large\"><img loading=\"lazy\" decoding=\"async\" width=\"1024\" height=\"683\" data-id=\"122010\" src=\"https:\/\/diariodigitalmx.com\/wp-content\/uploads\/2024\/07\/TALLER-TAXIS-3-1024x683.jpg\" alt=\"\" class=\"wp-image-122010\" srcset=\"https:\/\/diariodigitalmx.com\/wp-content\/uploads\/2024\/07\/TALLER-TAXIS-3-1024x683.jpg 1024w, https:\/\/diariodigitalmx.com\/wp-content\/uploads\/2024\/07\/TALLER-TAXIS-3-300x200.jpg 300w, https:\/\/diariodigitalmx.com\/wp-content\/uploads\/2024\/07\/TALLER-TAXIS-3-768x512.jpg 768w, https:\/\/diariodigitalmx.com\/wp-content\/uploads\/2024\/07\/TALLER-TAXIS-3-1536x1024.jpg 1536w, https:\/\/diariodigitalmx.com\/wp-content\/uploads\/2024\/07\/TALLER-TAXIS-3.jpg 1599w\" sizes=\"(max-width: 1024px) 100vw, 1024px\" \/><\/figure>\n\n\n\n<figure class=\"wp-block-image size-large\"><img loading=\"lazy\" decoding=\"async\" width=\"1024\" height=\"757\" data-id=\"122011\" src=\"https:\/\/diariodigitalmx.com\/wp-content\/uploads\/2024\/07\/TALLER-TAXIS-1-1024x757.jpg\" alt=\"\" class=\"wp-image-122011\" srcset=\"https:\/\/diariodigitalmx.com\/wp-content\/uploads\/2024\/07\/TALLER-TAXIS-1-1024x757.jpg 1024w, https:\/\/diariodigitalmx.com\/wp-content\/uploads\/2024\/07\/TALLER-TAXIS-1-300x222.jpg 300w, https:\/\/diariodigitalmx.com\/wp-content\/uploads\/2024\/07\/TALLER-TAXIS-1-768x568.jpg 768w, https:\/\/diariodigitalmx.com\/wp-content\/uploads\/2024\/07\/TALLER-TAXIS-1.jpg 1461w\" sizes=\"(max-width: 1024px) 100vw, 1024px\" \/><\/figure>\n<\/figure>\n\n\n\n<p>&#8220;La cultura vial es importante y muchas veces el cansancio de los trabajadores provoca accidentes, y debemos de tener esta sinergia para seguir aprendiendo, por lo que agradecemos al Director de Tr\u00e1nsito por su disposici\u00f3n a compartir esta pl\u00e1tica&#8221;, se\u00f1al\u00f3 Serna Serv\u00edn.<\/p>\n\n\n\n<p>El funcionario municipal realiz\u00f3 preguntas a los taxistas, en relaci\u00f3n a las se\u00f1alamientos viales y sem\u00e1foros, para medir sus conocimientos en la materia.<\/p>\n\n\n\n<p>Adem\u00e1s, sugiri\u00f3 que es necesario que las autoridades estatales incluyan desde la educaci\u00f3n b\u00e1sica la materia de cultura vial.<\/p>\n","protected":false},"excerpt":{"rendered":"<p>Con el objetivo de disminuir los accidentes y fomentar la cultura vial, la Direcci\u00f3n de Tr\u00e1nsito de Monterrey ofreci\u00f3 una pl\u00e1tica a taxistas agremiados a la CROC. El estudio del Reglamento Homologado de Tr\u00e1nsito fue el eje principal de este taller, al que asistieron cerca de 50 choferes. Gerardo Gloria Ju\u00e1rez, Director de Vialidad y [&hellip;]<\/p>\n","protected":false},"author":1,"featured_media":122007,"comment_status":"open","ping_status":"open","sticky":true,"template":"","format":"standard","meta":{"footnotes":""},"categories":[14,6],"tags":[],"_links":{"self":[{"href":"https:\/\/diariodigitalmx.com\/index.php\/wp-json\/wp\/v2\/posts\/122005"}],"collection":[{"href":"https:\/\/diariodigitalmx.com\/index.php\/wp-json\/wp\/v2\/posts"}],"about":[{"href":"https:\/\/diariodigitalmx.com\/index.php\/wp-json\/wp\/v2\/types\/post"}],"author":[{"embeddable":true,"href":"https:\/\/diariodigitalmx.com\/index.php\/wp-json\/wp\/v2\/users\/1"}],"replies":[{"embeddable":true,"href":"https:\/\/diariodigitalmx.com\/index.php\/wp-json\/wp\/v2\/comments?post=122005"}],"version-history":[{"count":2,"href":"https:\/\/diariodigitalmx.com\/index.php\/wp-json\/wp\/v2\/posts\/122005\/revisions"}],"predecessor-version":[{"id":122012,"href":"https:\/\/diariodigitalmx.com\/index.php\/wp-json\/wp\/v2\/posts\/122005\/revisions\/122012"}],"wp:featuredmedia":[{"embeddable":true,"href":"https:\/\/diariodigitalmx.com\/index.php\/wp-json\/wp\/v2\/media\/122007"}],"wp:attachment":[{"href":"https:\/\/diariodigitalmx.com\/index.php\/wp-json\/wp\/v2\/media?parent=122005"}],"wp:term":[{"taxonomy":"category","embeddable":true,"href":"https:\/\/diariodigitalmx.com\/index.php\/wp-json\/wp\/v2\/categories?post=122005"},{"taxonomy":"post_tag","embeddable":true,"href":"https:\/\/diariodigitalmx.com\/index.php\/wp-json\/wp\/v2\/tags?post=122005"}],"curies":[{"name":"wp","href":"https:\/\/api.w.org\/{rel}","templated":true}]}}