{"id":122154,"date":"2024-07-24T23:35:23","date_gmt":"2024-07-25T04:35:23","guid":{"rendered":"https:\/\/diariodigitalmx.com\/?p=122154"},"modified":"2024-07-25T07:11:29","modified_gmt":"2024-07-25T12:11:29","slug":"celebran-guerreros-fod-45-anos-de-conquistar-el-primer-titulo-de-futbol-americano-en-la-uanl","status":"publish","type":"post","link":"https:\/\/diariodigitalmx.com\/index.php\/2024\/07\/24\/celebran-guerreros-fod-45-anos-de-conquistar-el-primer-titulo-de-futbol-americano-en-la-uanl\/","title":{"rendered":"Celebran Guerreros FOD 45 a\u00f1os del primer t\u00edtulo de f\u00fatbol americano en la UANL"},"content":{"rendered":"\n<p><\/p>\n\n\n\n<p><strong>*Recuerdan la espectacular victoria de 8-7\u00a0 sobre la escuadra de la Facultad de Biolog\u00eda en el a\u00f1o de 1979, que los llev\u00f3 a conquistar el t\u00edtulo de Ascenso en el legendario estadio Gaspar Mass<\/strong><\/p>\n\n\n\n<p>Por Ra\u00fal Guevara Ortiz.-Con el recuerdo en la mente de aquella hist\u00f3rica corrida de 40 yardas de Guadalupe Sol\u00eds, que en la parte final del encuentro se puso un punto debajo de sus rivales (7-6) para que a luego de un pase de Ra\u00fal Dur\u00e1n a Federico S\u00e1nchez trajera la remontada con la que los Guerreros de la entonces Escuela de Licenciatura en Organizaci\u00f3n Deportiva, conquistaran el t\u00edtulo de la categor\u00eda de Ascenso, los integrantes de aquella valiente escuadra se reunieron el pasado 18 de julio en su alma mater la hoy Facultad de Organizaci\u00f3n Deportiva.<\/p>\n\n\n\n<p>\u201cRecuerdo que el grupo de Ascenso lo integr\u00e1bamos, la Facultad de Contadur\u00eda P\u00fablica y Administraci\u00f3n (FACPYA), Matem\u00e1ticas, Biolog\u00eda, la Antonio Narro de Saltillo, Gorilas de Matamoros, Psicolog\u00eda y nosotros la a Escuela en Licenciatura en Organizaci\u00f3n Deportiva\u201d, evoc\u00f3 el LOD Jos\u00e9 Guadalupe Sol\u00eds Alan\u00eds,\u00a0 el jugador VIP\u00a0 de aquel partido celebrado en el mes de abril de 1979 en el estadio Gaspar Mass de la UANL.<\/p>\n\n\n\n<figure class=\"wp-block-image size-large\"><img loading=\"lazy\" decoding=\"async\" width=\"1024\" height=\"648\" src=\"https:\/\/diariodigitalmx.com\/wp-content\/uploads\/2024\/07\/FOTO-3-EQUIPO-1024x648.jpg\" alt=\"\" class=\"wp-image-122158\" srcset=\"https:\/\/diariodigitalmx.com\/wp-content\/uploads\/2024\/07\/FOTO-3-EQUIPO-1024x648.jpg 1024w, https:\/\/diariodigitalmx.com\/wp-content\/uploads\/2024\/07\/FOTO-3-EQUIPO-300x190.jpg 300w, https:\/\/diariodigitalmx.com\/wp-content\/uploads\/2024\/07\/FOTO-3-EQUIPO-768x486.jpg 768w, https:\/\/diariodigitalmx.com\/wp-content\/uploads\/2024\/07\/FOTO-3-EQUIPO.jpg 1280w\" sizes=\"(max-width: 1024px) 100vw, 1024px\" \/><\/figure>\n\n\n\n<p>Tal y como si viviera segundo a segundo &nbsp;la jugada decisiva Sol\u00eds Alan\u00eds describe que \u201cluego de un primer medio cero a cero, iniciando el tercer cuarto ellos anotan (equipo de la Facultad de&nbsp; Biolog\u00eda), y nosotros anotamos hasta el cuarto cuarto, fue una corrida slam por lado izquierdo, fueron 40 yardas, anotamos 6 puntos pero inmediatamente el Coach&nbsp; en Jefe que era el Ing. Jorge Gerardo Sol\u00eds, pide un tiempo fuera para poder ver que&nbsp; si empat\u00e1bamos el juego qued\u00e1bamos campeones como quiera, pero nos la jugamos para ganar el partido, fue un pase autom\u00e1tico a Federico S\u00e1nchez y sacamos los 2 puntos a pase de Ra\u00fal Dur\u00e1n.<\/p>\n\n\n\n<p>\u00a0\u00a0Pero el recuerdo de aquel \u00e9pico partido regreso la ma\u00f1ana del pasado 18 de julio\u00a0 cuando luego de 45 a\u00f1os los Guerreros regresaron a su casa\u00a0 la hoy Facultad de Organizaci\u00f3n Deportiva\u00a0 (FOD)a invitaci\u00f3n de sus Director Rub\u00e9n Ram\u00edrez Nava para recordar esos m\u00e1gico momentos.<\/p>\n\n\n\n<figure class=\"wp-block-image size-large\"><img loading=\"lazy\" decoding=\"async\" width=\"1024\" height=\"768\" src=\"https:\/\/diariodigitalmx.com\/wp-content\/uploads\/2024\/07\/FOTO-2-CORRIDA-1024x768.jpg\" alt=\"\" class=\"wp-image-122159\" srcset=\"https:\/\/diariodigitalmx.com\/wp-content\/uploads\/2024\/07\/FOTO-2-CORRIDA-1024x768.jpg 1024w, https:\/\/diariodigitalmx.com\/wp-content\/uploads\/2024\/07\/FOTO-2-CORRIDA-300x225.jpg 300w, https:\/\/diariodigitalmx.com\/wp-content\/uploads\/2024\/07\/FOTO-2-CORRIDA-768x576.jpg 768w, https:\/\/diariodigitalmx.com\/wp-content\/uploads\/2024\/07\/FOTO-2-CORRIDA-1536x1152.jpg 1536w, https:\/\/diariodigitalmx.com\/wp-content\/uploads\/2024\/07\/FOTO-2-CORRIDA.jpg 1600w\" sizes=\"(max-width: 1024px) 100vw, 1024px\" \/><\/figure>\n\n\n\n<p>&nbsp;Las frentes arrugadas, cabellos blancos o sin \u00e9l, el pausado caminar, la elegancia en el vestir en algunos poco a poco llenaron el recinto de la &nbsp;Facultad donde el f\u00fatbol americano de la UANL del equipo &nbsp;Guerreros &nbsp;rein\u00f3 en las conversaciones del primer equipo campe\u00f3n de categor\u00eda Ascenso.<\/p>\n\n\n\n<p>Emotivas palabras fueron evocadas por el director Dr. Rub\u00e9n Ram\u00edrez Nava, quien acompa\u00f1ado\u00a0 por el \u00a0Director de Deportivas de la UANL Dr. Jos\u00e9 Alberto P\u00e9rez Garc\u00eda y del actual head coach de los Guerreros Iv\u00e1n Borbolla refresco en la mente de todos la victoria del 79.<\/p>\n\n\n\n<figure class=\"wp-block-image size-large\"><img loading=\"lazy\" decoding=\"async\" width=\"1024\" height=\"555\" src=\"https:\/\/diariodigitalmx.com\/wp-content\/uploads\/2024\/07\/FOTO-1-CORRIDA-1024x555.jpeg\" alt=\"\" class=\"wp-image-122160\" srcset=\"https:\/\/diariodigitalmx.com\/wp-content\/uploads\/2024\/07\/FOTO-1-CORRIDA-1024x555.jpeg 1024w, https:\/\/diariodigitalmx.com\/wp-content\/uploads\/2024\/07\/FOTO-1-CORRIDA-300x163.jpeg 300w, https:\/\/diariodigitalmx.com\/wp-content\/uploads\/2024\/07\/FOTO-1-CORRIDA-768x416.jpeg 768w, https:\/\/diariodigitalmx.com\/wp-content\/uploads\/2024\/07\/FOTO-1-CORRIDA.jpeg 1200w\" sizes=\"(max-width: 1024px) 100vw, 1024px\" \/><\/figure>\n\n\n\n<p>\u00a0Correspondi\u00f3 \u00a0a Daniel Rodr\u00edguez y Eduardo Fuentes Velazco en representaci\u00f3n del equipo Guerreros, entregar el ovoide autografiado por todos los jugadores para que pasar\u00e1 a formar parte del museo deportivo de la Facultad de Organizaci\u00f3n Deportiva.<\/p>\n\n\n\n<figure class=\"wp-block-image size-full\"><img loading=\"lazy\" decoding=\"async\" width=\"641\" height=\"600\" src=\"https:\/\/diariodigitalmx.com\/wp-content\/uploads\/2024\/07\/GUERRERO-2024-2.jpg\" alt=\"\" class=\"wp-image-122161\" srcset=\"https:\/\/diariodigitalmx.com\/wp-content\/uploads\/2024\/07\/GUERRERO-2024-2.jpg 641w, https:\/\/diariodigitalmx.com\/wp-content\/uploads\/2024\/07\/GUERRERO-2024-2-300x281.jpg 300w\" sizes=\"(max-width: 641px) 100vw, 641px\" \/><\/figure>\n\n\n\n<p>En su mensaje&nbsp; el &nbsp;Dr. Jorge Sol\u00eds Alan\u00eds, coach fundador &nbsp;de los Guerreros, agradeci\u00f3&nbsp; el apoyo que siempre brind\u00f3 al equipo el&nbsp; Ing. Cayetano Garza desde su fundaci\u00f3n al igual que se realiz\u00f3 una menci\u00f3n especial a &nbsp;Guadalupe Sol\u00eds, jugador base en la conquista del t\u00edtulo&nbsp; y uno de los principales organizadores de una reuni\u00f3n en la que muchos esperan repetir en los pr\u00f3ximos 5 a\u00f1os porque en sus corazones la gloria del \u201979 nunca dejar\u00e1 de existir.<\/p>\n","protected":false},"excerpt":{"rendered":"<p>*Recuerdan la espectacular victoria de 8-7\u00a0 sobre la escuadra de la Facultad de Biolog\u00eda en el a\u00f1o de 1979, que los llev\u00f3 a conquistar el t\u00edtulo de Ascenso en el legendario estadio Gaspar Mass Por Ra\u00fal Guevara Ortiz.-Con el recuerdo en la mente de aquella hist\u00f3rica corrida de 40 yardas de Guadalupe Sol\u00eds, que en [&hellip;]<\/p>\n","protected":false},"author":1,"featured_media":122156,"comment_status":"open","ping_status":"open","sticky":true,"template":"","format":"standard","meta":{"footnotes":""},"categories":[8,14],"tags":[],"_links":{"self":[{"href":"https:\/\/diariodigitalmx.com\/index.php\/wp-json\/wp\/v2\/posts\/122154"}],"collection":[{"href":"https:\/\/diariodigitalmx.com\/index.php\/wp-json\/wp\/v2\/posts"}],"about":[{"href":"https:\/\/diariodigitalmx.com\/index.php\/wp-json\/wp\/v2\/types\/post"}],"author":[{"embeddable":true,"href":"https:\/\/diariodigitalmx.com\/index.php\/wp-json\/wp\/v2\/users\/1"}],"replies":[{"embeddable":true,"href":"https:\/\/diariodigitalmx.com\/index.php\/wp-json\/wp\/v2\/comments?post=122154"}],"version-history":[{"count":3,"href":"https:\/\/diariodigitalmx.com\/index.php\/wp-json\/wp\/v2\/posts\/122154\/revisions"}],"predecessor-version":[{"id":122163,"href":"https:\/\/diariodigitalmx.com\/index.php\/wp-json\/wp\/v2\/posts\/122154\/revisions\/122163"}],"wp:featuredmedia":[{"embeddable":true,"href":"https:\/\/diariodigitalmx.com\/index.php\/wp-json\/wp\/v2\/media\/122156"}],"wp:attachment":[{"href":"https:\/\/diariodigitalmx.com\/index.php\/wp-json\/wp\/v2\/media?parent=122154"}],"wp:term":[{"taxonomy":"category","embeddable":true,"href":"https:\/\/diariodigitalmx.com\/index.php\/wp-json\/wp\/v2\/categories?post=122154"},{"taxonomy":"post_tag","embeddable":true,"href":"https:\/\/diariodigitalmx.com\/index.php\/wp-json\/wp\/v2\/tags?post=122154"}],"curies":[{"name":"wp","href":"https:\/\/api.w.org\/{rel}","templated":true}]}}