{"id":122187,"date":"2024-07-25T09:37:48","date_gmt":"2024-07-25T14:37:48","guid":{"rendered":"https:\/\/diariodigitalmx.com\/?p=122187"},"modified":"2024-07-25T09:38:21","modified_gmt":"2024-07-25T14:38:21","slug":"y-lo-que-sigue","status":"publish","type":"post","link":"https:\/\/diariodigitalmx.com\/index.php\/2024\/07\/25\/y-lo-que-sigue\/","title":{"rendered":"Y lo que sigue"},"content":{"rendered":"\n<p>Ra\u00fal Guajardo Cant\u00fa <\/p>\n\n\n\n<p>Apenas el martes se\u00f1al\u00e1bamos que los pol\u00edticos locales deber\u00edan comenzar a trabajar bajo el supuesto de que las inversiones provenientes de diferentes pa\u00edses, principalmente de China pudieran verse afectadas ante las amenazas de Trump de aplicar aranceles altos, hasta del 100% en algunos casos, cuando Elon Musk anuncia que Tesla pausa su inversi\u00f3n en Santa Catarina.<\/p>\n\n\n\n<p>Hay quien asegura, como el presidente de M\u00e9xico, que m\u00e1s bien se trata de una decisi\u00f3n del empresario, independiente de los dichos del candidato republicano, otros m\u00e1s aseguran que se debe a que Tesla no ha mostrado un gran desempe\u00f1o durante lo que va del presente a\u00f1o.<\/p>\n\n\n\n<p>AMLO incluso se atrevi\u00f3 a decir que no se debe creer mucho en lo que se dice durante las campa\u00f1as, ya que son temas dise\u00f1ados para ganar votos, algo sabr\u00e1 el presidente, pero por ahora la suspensi\u00f3n de la inversi\u00f3n est\u00e1 ah\u00ed.<\/p>\n\n\n\n<p>Sea como sea, el caso es que por ahora, y quiz\u00e1 nunca, habr\u00e1 una planta de los afamados autos el\u00e9ctricos norteamericanos aqu\u00ed.<\/p>\n\n\n\n<p>Bien har\u00edan nuestros pol\u00edticos en acatar aqu\u00e9l dicho que se\u00f1ala: espera lo mejor, pero prep\u00e1rate para lo peor, ya que no es con amenazas de reciprocidad, como lo hiciera un exsecretario de econom\u00eda del pa\u00eds, como se va a enfrentar aqu\u00ed la situaci\u00f3n.<\/p>\n\n\n\n<p>Se\u00f1alamos el martes tambi\u00e9n que un gran n\u00famero de empresas chinas que producen diferente tipo de productos se ha instalado en el estado con la mira puesta en el mercado estadounidense, cuando ese mismo d\u00eda se anunciaba la instalaci\u00f3n de dos plantas que construyen casas prefabricadas, una de ellas pensando en que toda su producci\u00f3n se enviar\u00e1 a EU.<\/p>\n\n\n\n<p>Ya veremos lo que sucede, pero el promotor de las inversiones, Sim\u00f3n Levy, no tiene un gran r\u00e9cord como empresario y s\u00ed m\u00e1s como pol\u00edtico, aunque en este \u00e1mbito sus logros no son muchos.<\/p>\n\n\n\n<p>Pero volviendo a nuestros pol\u00edticos, nos parece conveniente que comiencen a vislumbrar cu\u00e1les ser\u00e1n sus posturas ante una eventual victoria de Trump y hacerlo a la mayor brevedad posible, ya que en caso dado ser\u00e1 el pr\u00f3ximo a\u00f1o cuando se presenten estas acciones.<\/p>\n\n\n\n<p>Es dif\u00edcil pensar en que de la noche a la ma\u00f1ana los pol\u00edticos del estado dejar\u00e1n de lado sus rencillas para ponerse a trabajar por Nuevo Le\u00f3n, pero las circunstancias no son favorables para continuar en ese tenor.<\/p>\n\n\n\n<p>A menos, claro est\u00e1, que en realidad lo que suceda con Nuevo Le\u00f3n no importe porque, al fin y al cabo, siempre se puede administrar lo que quede y a\u00fan as\u00ed sacar alg\u00fan provecho.<\/p>\n\n\n\n<p>El problema es que en este \u00faltimo escenario, los ciudadanos siempre vamos a salir perdiendo.<\/p>\n","protected":false},"excerpt":{"rendered":"<p>Ra\u00fal Guajardo Cant\u00fa Apenas el martes se\u00f1al\u00e1bamos que los pol\u00edticos locales deber\u00edan comenzar a trabajar bajo el supuesto de que las inversiones provenientes de diferentes pa\u00edses, principalmente de China pudieran verse afectadas ante las amenazas de Trump de aplicar aranceles altos, hasta del 100% en algunos casos, cuando Elon Musk anuncia que Tesla pausa su [&hellip;]<\/p>\n","protected":false},"author":1,"featured_media":122189,"comment_status":"open","ping_status":"open","sticky":true,"template":"","format":"standard","meta":{"footnotes":""},"categories":[14,12],"tags":[],"_links":{"self":[{"href":"https:\/\/diariodigitalmx.com\/index.php\/wp-json\/wp\/v2\/posts\/122187"}],"collection":[{"href":"https:\/\/diariodigitalmx.com\/index.php\/wp-json\/wp\/v2\/posts"}],"about":[{"href":"https:\/\/diariodigitalmx.com\/index.php\/wp-json\/wp\/v2\/types\/post"}],"author":[{"embeddable":true,"href":"https:\/\/diariodigitalmx.com\/index.php\/wp-json\/wp\/v2\/users\/1"}],"replies":[{"embeddable":true,"href":"https:\/\/diariodigitalmx.com\/index.php\/wp-json\/wp\/v2\/comments?post=122187"}],"version-history":[{"count":1,"href":"https:\/\/diariodigitalmx.com\/index.php\/wp-json\/wp\/v2\/posts\/122187\/revisions"}],"predecessor-version":[{"id":122188,"href":"https:\/\/diariodigitalmx.com\/index.php\/wp-json\/wp\/v2\/posts\/122187\/revisions\/122188"}],"wp:featuredmedia":[{"embeddable":true,"href":"https:\/\/diariodigitalmx.com\/index.php\/wp-json\/wp\/v2\/media\/122189"}],"wp:attachment":[{"href":"https:\/\/diariodigitalmx.com\/index.php\/wp-json\/wp\/v2\/media?parent=122187"}],"wp:term":[{"taxonomy":"category","embeddable":true,"href":"https:\/\/diariodigitalmx.com\/index.php\/wp-json\/wp\/v2\/categories?post=122187"},{"taxonomy":"post_tag","embeddable":true,"href":"https:\/\/diariodigitalmx.com\/index.php\/wp-json\/wp\/v2\/tags?post=122187"}],"curies":[{"name":"wp","href":"https:\/\/api.w.org\/{rel}","templated":true}]}}