{"id":122210,"date":"2024-07-25T19:07:56","date_gmt":"2024-07-26T00:07:56","guid":{"rendered":"https:\/\/diariodigitalmx.com\/?p=122210"},"modified":"2024-07-25T19:08:58","modified_gmt":"2024-07-26T00:08:58","slug":"se-entrega-el-mayo-zambada-a-eu","status":"publish","type":"post","link":"https:\/\/diariodigitalmx.com\/index.php\/2024\/07\/25\/se-entrega-el-mayo-zambada-a-eu\/","title":{"rendered":"Se entrega El Mayo Zambada a EU"},"content":{"rendered":"\n<p>Ismael El Mayo Zambada, de 76 a\u00f1os l\u00edder del C\u00e1rtel de Sinaloa, est\u00e1 en custodia en Estados Unidos, donde se entreg\u00f3 junto con Joaqu\u00edn Guzm\u00e1n L\u00f3pez.<br>Zambada, de 76 a\u00f1os, fund\u00f3 el Cartel de Sinaloa junto a Joaqu\u00edn &#8220;El Chapo&#8221; Guzm\u00e1n, quien est\u00e1 encarcelado en EU.<br>El Mayo tiene cinco acusaciones en Eatados Unidos, que busca procesarlo penalmente por narcotr\u00e1fico, conspiraci\u00f3n para cometer asesinatos, lavado de dinero y conspiraci\u00f3n para fabricar y distribuir coca\u00edna, hero\u00edna y metanfetamina.<\/p>\n\n\n\n<figure class=\"wp-block-image size-full\"><img loading=\"lazy\" decoding=\"async\" width=\"960\" height=\"640\" src=\"https:\/\/diariodigitalmx.com\/wp-content\/uploads\/2024\/07\/ImageTransformer-4-1.webp\" alt=\"\" class=\"wp-image-122213\" srcset=\"https:\/\/diariodigitalmx.com\/wp-content\/uploads\/2024\/07\/ImageTransformer-4-1.webp 960w, https:\/\/diariodigitalmx.com\/wp-content\/uploads\/2024\/07\/ImageTransformer-4-1-300x200.webp 300w, https:\/\/diariodigitalmx.com\/wp-content\/uploads\/2024\/07\/ImageTransformer-4-1-768x512.webp 768w\" sizes=\"(max-width: 960px) 100vw, 960px\" \/><\/figure>\n\n\n\n<p><br>El Departamento de Estado de Estados Unidos ofrec\u00eda una recompensa de hasta 15 millones de d\u00f3lares por informaci\u00f3n que llevara al arresto de Zambada Garc\u00eda, a quien considera \u201cun l\u00edder principal de la empresa criminal responsable de importar enormes cantidades de narc\u00f3ticos a los Estados Unidos\u201d.<\/p>\n","protected":false},"excerpt":{"rendered":"<p>Ismael El Mayo Zambada, de 76 a\u00f1os l\u00edder del C\u00e1rtel de Sinaloa, est\u00e1 en custodia en Estados Unidos, donde se entreg\u00f3 junto con Joaqu\u00edn Guzm\u00e1n L\u00f3pez.Zambada, de 76 a\u00f1os, fund\u00f3 el Cartel de Sinaloa junto a Joaqu\u00edn &#8220;El Chapo&#8221; Guzm\u00e1n, quien est\u00e1 encarcelado en EU.El Mayo tiene cinco acusaciones en Eatados Unidos, que busca procesarlo [&hellip;]<\/p>\n","protected":false},"author":1,"featured_media":122212,"comment_status":"open","ping_status":"open","sticky":true,"template":"","format":"standard","meta":{"footnotes":""},"categories":[4,3],"tags":[],"_links":{"self":[{"href":"https:\/\/diariodigitalmx.com\/index.php\/wp-json\/wp\/v2\/posts\/122210"}],"collection":[{"href":"https:\/\/diariodigitalmx.com\/index.php\/wp-json\/wp\/v2\/posts"}],"about":[{"href":"https:\/\/diariodigitalmx.com\/index.php\/wp-json\/wp\/v2\/types\/post"}],"author":[{"embeddable":true,"href":"https:\/\/diariodigitalmx.com\/index.php\/wp-json\/wp\/v2\/users\/1"}],"replies":[{"embeddable":true,"href":"https:\/\/diariodigitalmx.com\/index.php\/wp-json\/wp\/v2\/comments?post=122210"}],"version-history":[{"count":2,"href":"https:\/\/diariodigitalmx.com\/index.php\/wp-json\/wp\/v2\/posts\/122210\/revisions"}],"predecessor-version":[{"id":122214,"href":"https:\/\/diariodigitalmx.com\/index.php\/wp-json\/wp\/v2\/posts\/122210\/revisions\/122214"}],"wp:featuredmedia":[{"embeddable":true,"href":"https:\/\/diariodigitalmx.com\/index.php\/wp-json\/wp\/v2\/media\/122212"}],"wp:attachment":[{"href":"https:\/\/diariodigitalmx.com\/index.php\/wp-json\/wp\/v2\/media?parent=122210"}],"wp:term":[{"taxonomy":"category","embeddable":true,"href":"https:\/\/diariodigitalmx.com\/index.php\/wp-json\/wp\/v2\/categories?post=122210"},{"taxonomy":"post_tag","embeddable":true,"href":"https:\/\/diariodigitalmx.com\/index.php\/wp-json\/wp\/v2\/tags?post=122210"}],"curies":[{"name":"wp","href":"https:\/\/api.w.org\/{rel}","templated":true}]}}