{"id":122215,"date":"2024-07-25T23:15:52","date_gmt":"2024-07-26T04:15:52","guid":{"rendered":"https:\/\/diariodigitalmx.com\/?p=122215"},"modified":"2024-07-25T23:18:33","modified_gmt":"2024-07-26T04:18:33","slug":"que-informe-gobierno-sobre-inversion-en-telsa-pide-oposicion-no-se-ha-cancelado-aclara-mc","status":"publish","type":"post","link":"https:\/\/diariodigitalmx.com\/index.php\/2024\/07\/25\/que-informe-gobierno-sobre-inversion-en-telsa-pide-oposicion-no-se-ha-cancelado-aclara-mc\/","title":{"rendered":"Que informe gobierno sobre inversi\u00f3n en Telsa, pide oposici\u00f3n; no se ha cancelado, aclara MC"},"content":{"rendered":"\n<p><br>Monterrey. &#8211; Los diputados de oposici\u00f3n al gobernador Samuel Garc\u00eda se pronunciaron porque \u00e9ste y la tesorer\u00eda estatal ofrezca un informe acerca de los recursos que se aplican en la promoci\u00f3n de obras en la zona donde estar\u00eda Telsa en el municipio de Santa Catarina.<\/p>\n\n\n\n<p>A su vez, Sandra P\u00e1manes, vicecoordinadora de los diputados locales de Movimiento Ciudadano opin\u00f3 que la planta no se ha cancelado e hizo un llamado para que todos apoyen que una inversi\u00f3n de esa magnitud se quede en Nuevo Le\u00f3n.<\/p>\n\n\n\n<figure class=\"wp-block-image size-full\"><img loading=\"lazy\" decoding=\"async\" width=\"630\" height=\"619\" src=\"https:\/\/diariodigitalmx.com\/wp-content\/uploads\/2024\/07\/IMG-20240722-WA0061.jpg\" alt=\"\" class=\"wp-image-122222\" srcset=\"https:\/\/diariodigitalmx.com\/wp-content\/uploads\/2024\/07\/IMG-20240722-WA0061.jpg 630w, https:\/\/diariodigitalmx.com\/wp-content\/uploads\/2024\/07\/IMG-20240722-WA0061-300x295.jpg 300w\" sizes=\"(max-width: 630px) 100vw, 630px\" \/><\/figure>\n\n\n\n<p>La legisladora de MC sali\u00f3 en defensa de la inversi\u00f3n y del proyecto de Telsa que tambi\u00e9n impulsa el gobierno estatal, y en rueda de prensa subray\u00f3 que el anunci\u00f3 que hizo Elon Musk es cuesti\u00f3n pol\u00edtica y no econ\u00f3mica, o que, tenga algo que ver con la entidad.<\/p>\n\n\n\n<p>En este sentido, sostuvo que la inversi\u00f3n sigue viva y que seguramente se dar\u00e1 en un futuro, pero, aclar\u00f3, no se ha cancelado.<\/p>\n\n\n\n<p>&#8220;Estamos seguros de que esta inversi\u00f3n puede darse m\u00e1s a futuro y traer\u00e1 un empuje muy importante para nuestro estado, no es que se cancele, es esperar a mejores tiempos despu\u00e9s del proceso electoral que se viva en Estados Unidos&#8221;, a\u00f1adi\u00f3 P\u00e1manes.<\/p>\n\n\n\n<p>Para la diputada priista Lorena de la Garza, ya se ve\u00eda venir, una muerte anunciada y ahora el gobernador tendr\u00e1 que aclarar al respecto.<\/p>\n\n\n\n<p>&#8220;Es algo que ya se ve\u00eda venir, hab\u00eda muchos comentarios en cuanto que era un proyecto en v\u00edas de cancelaci\u00f3n y pues ahora se conoce de voz directa de su propietario que se cancela la planta de Tesla, y pues dir\u00eda Garc\u00eda M\u00e1rquez, es una Cr\u00f3nica de una Muerte Anunciada&#8221;, dijo en entrevista.<\/p>\n\n\n\n<p>Por ello, considera que en los reportes de atracci\u00f3n de inversi\u00f3n debe restarse lo de Telsa y acusa que, el de Samuel Garc\u00eda, ha sido el gobierno de los anuncios que no se concretan.<\/p>\n\n\n\n<figure class=\"wp-block-image size-full\"><img loading=\"lazy\" decoding=\"async\" width=\"425\" height=\"325\" src=\"https:\/\/diariodigitalmx.com\/wp-content\/uploads\/2024\/07\/images-2-2.jpeg\" alt=\"\" class=\"wp-image-122218\" srcset=\"https:\/\/diariodigitalmx.com\/wp-content\/uploads\/2024\/07\/images-2-2.jpeg 425w, https:\/\/diariodigitalmx.com\/wp-content\/uploads\/2024\/07\/images-2-2-300x229.jpeg 300w\" sizes=\"(max-width: 425px) 100vw, 425px\" \/><\/figure>\n\n\n\n<p>Para el coordinador de los diputados del PAN, Carlos de la Fuente, el gobierno no debe invertir a predios privados si la empresa no garantiza que Tesla llegue a Nuevo Le\u00f3n, y adelant\u00f3 que la Comisi\u00f3n Permanente del Congreso, la pr\u00f3xima semana solicitar\u00e1 un informe al respecto a la tesorer\u00eda estatal y al gobernador Garc\u00eda Sep\u00falveda.<\/p>\n\n\n\n<p>Incluso, el panista concuerda con la priista en el sentido de que mientras no haya certeza de la llegada de la empresa, no se invierta en el proyecto privado.<\/p>\n\n\n\n<p>&#8220;Se ve\u00eda venir que iba a cancelar su proyecto en M\u00e9xico, pero ya lo dijo el due\u00f1o de la empresa y pues bueno, nosotros siempre dijimos que ojal\u00e1 y no fueran falsas expectativas porque se estaba invirtiendo dinero de Nuevo Le\u00f3n en un espacio privado y pues al final mientras no se d\u00e9 la obra de Tesla, no deber\u00edan seguir los trabajos del Estado con recursos p\u00fablicos invirti\u00e9ndole a terrenos particulares al no haber certeza\u201d.<\/p>\n\n\n\n<p>Seg\u00fan de la fuente, no hay un contrato y solamente una carta de intenci\u00f3n, un buen objetivo, pero nada concreto, por lo que solicitar\u00e1n el informe y que esos recursos se canalicen a obras prioritarias como la salud y reconstrucci\u00f3n de da\u00f1os de Alberto.<\/p>\n\n\n\n<p>&#8220;Hay muchos rumores, pero creo que aqu\u00ed deber\u00eda de darnos gusto que haya una intenci\u00f3n bien marcada por parte de una empresa tan importante como Tesla, y todos deber\u00edamos estar interesados en que se concrete y no esperar a que toda esta rumorolog\u00eda sea usada como una manera de tratar de buscar que el proyecto se cancele&#8221;, puntualiz\u00f3 a su vez la diputada de MC, Sandra P\u00e1manes.<br>En octubre de 2023 el gobernador Samuel Garc\u00eda anunci\u00f3 la realizaci\u00f3n de obras de infraestructura para Telsa donde se invertir\u00eda 2500 millones de pesos, los que, coment\u00f3, estaban dentro del presupuesto estatal.<\/p>\n\n\n\n<p>El anunci\u00f3 se hizo luego de que Telsa solicit\u00f3 al gobierno una serie de obras aleda\u00f1as donde estar\u00eda la planta.<\/p>\n\n\n\n<p>De esta manera, el estado mantiene actualmente la realizaci\u00f3n de proyectos como la ampliaci\u00f3n de la carretera libre Monterrey- Saltillo, la construcci\u00f3n de un puente para conectar a Tesla con esa v\u00eda y con la autopista de cuota Monterrey- Saltillo.<\/p>\n\n\n\n<p>Asimismo, se trabaja en la conexi\u00f3n con el anillo vial del perif\u00e9rico, y en la construcci\u00f3n de rampas y accesos.<\/p>\n\n\n\n<p>El paso superior vehicular sobre la carretera Monterrey- Saltillo, ser\u00e1 de dos carriles por sentido con 2 mil 100 metros cuadrados de construcci\u00f3n y una longitud de 73 metros.<\/p>\n\n\n\n<p>Los trabajos de terracer\u00edas tendr\u00e1n11 mil metros cuadrados de construcci\u00f3n y cuatro rampas de 600 metros de longitud cada una.<\/p>\n","protected":false},"excerpt":{"rendered":"<p>Monterrey. &#8211; Los diputados de oposici\u00f3n al gobernador Samuel Garc\u00eda se pronunciaron porque \u00e9ste y la tesorer\u00eda estatal ofrezca un informe acerca de los recursos que se aplican en la promoci\u00f3n de obras en la zona donde estar\u00eda Telsa en el municipio de Santa Catarina. A su vez, Sandra P\u00e1manes, vicecoordinadora de los diputados locales [&hellip;]<\/p>\n","protected":false},"author":1,"featured_media":122217,"comment_status":"open","ping_status":"open","sticky":true,"template":"","format":"standard","meta":{"footnotes":""},"categories":[6,3],"tags":[],"_links":{"self":[{"href":"https:\/\/diariodigitalmx.com\/index.php\/wp-json\/wp\/v2\/posts\/122215"}],"collection":[{"href":"https:\/\/diariodigitalmx.com\/index.php\/wp-json\/wp\/v2\/posts"}],"about":[{"href":"https:\/\/diariodigitalmx.com\/index.php\/wp-json\/wp\/v2\/types\/post"}],"author":[{"embeddable":true,"href":"https:\/\/diariodigitalmx.com\/index.php\/wp-json\/wp\/v2\/users\/1"}],"replies":[{"embeddable":true,"href":"https:\/\/diariodigitalmx.com\/index.php\/wp-json\/wp\/v2\/comments?post=122215"}],"version-history":[{"count":4,"href":"https:\/\/diariodigitalmx.com\/index.php\/wp-json\/wp\/v2\/posts\/122215\/revisions"}],"predecessor-version":[{"id":122223,"href":"https:\/\/diariodigitalmx.com\/index.php\/wp-json\/wp\/v2\/posts\/122215\/revisions\/122223"}],"wp:featuredmedia":[{"embeddable":true,"href":"https:\/\/diariodigitalmx.com\/index.php\/wp-json\/wp\/v2\/media\/122217"}],"wp:attachment":[{"href":"https:\/\/diariodigitalmx.com\/index.php\/wp-json\/wp\/v2\/media?parent=122215"}],"wp:term":[{"taxonomy":"category","embeddable":true,"href":"https:\/\/diariodigitalmx.com\/index.php\/wp-json\/wp\/v2\/categories?post=122215"},{"taxonomy":"post_tag","embeddable":true,"href":"https:\/\/diariodigitalmx.com\/index.php\/wp-json\/wp\/v2\/tags?post=122215"}],"curies":[{"name":"wp","href":"https:\/\/api.w.org\/{rel}","templated":true}]}}