{"id":122227,"date":"2024-07-26T09:43:30","date_gmt":"2024-07-26T14:43:30","guid":{"rendered":"https:\/\/diariodigitalmx.com\/?p=122227"},"modified":"2024-07-26T09:44:22","modified_gmt":"2024-07-26T14:44:22","slug":"kamala-los-criminales-y-trump","status":"publish","type":"post","link":"https:\/\/diariodigitalmx.com\/index.php\/2024\/07\/26\/kamala-los-criminales-y-trump\/","title":{"rendered":"Kamala, los criminales y Trump"},"content":{"rendered":"\n<p>\u00d3scar Tamez Rodr\u00edguez<br>Donald Trump sigue en su papel de rudo, quien se abalanza contra quien cree le trae beneficios electorales.<br>Biden se baja de la contienda presidencial, demasiado tarde pensamos algunos, pero a\u00fan con tiempo para que Kamala Harris afiance el liderazgo de los dem\u00f3cratas norteamericanos.<br>El presidente no tuvo la sensibilidad de entender que la senectud se le agolp\u00f3, no significa que eso sea un problema per se, pero los actuales tiempos, la din\u00e1mica de la pol\u00edtica y los ritmos de vida intensos, exigen l\u00edderes frescos, j\u00f3venes (al menos adultos con energ\u00eda) y con habilidades f\u00edsicas y mentales \u00f3ptimas. Tard\u00f3 en entender que como dice la canci\u00f3n: \u201cahora ya camina lerdo como perdonando al viento\u2026\u201d<br>Kamala es la ant\u00edtesis de Trump, fresca, jovial, no de piel blanca. El candidato republicano la acusa de izquierdista, la llama \u201clun\u00e1tica\u201d y una serie de adjetivos m\u00e1s que le imputa.<br>En M\u00e9xico, por la mitad de los dichos del candidato del cabello amarillo, la comunidad feminista y la protectora de los derechos humanos habr\u00eda emprendido tremendas protestas, habr\u00edan quemado hasta al sol azteca, pero en EUA pareciera que no preocupan los temas de equidad e igualdad o que entienden el papel de las campa\u00f1as donde no existen hombres y mujeres sino candidatas o candidatos y en esa condici\u00f3n todos son iguales.<br>Los ataques de Trump reflejan dos cosas: su estilo personal y el de su campa\u00f1a y, que le teme al potencial crecimiento electoral de Harris. Claro, en el caso del republicano se sale de todos los patrones preestablecidos, tanto que es dif\u00edcil leer su actuar populista.<br>Fiel a su estilo, espeta insultos y ofensas como si fueran gotas de saliva al hablar, escupe improperios cual incontinencia verbal. El gobierno de la 4T no se escap\u00f3 de las acusaciones republicanas.<br>Seg\u00fan el candidato presidencial, en M\u00e9xico gobierna la delincuencia organizada, afirma: &#8220;M\u00e9xico est\u00e1 petrificado ante los c\u00e1rteles porque pueden remover al presidente en dos minutos\u201d, esto m\u00e1s all\u00e1 de ser una baladronada, tiene un trasfondo terrible.<br>Seg\u00fan Trump las fuerzas armadas mexicanas est\u00e1n rebasadas por la delincuencia, esto se sobreentiende del discurso. Existe un grado de colusi\u00f3n entre autoridades civiles y delincuentes y por ello, los pol\u00edticos quedan sometidos o se hacen de la vista gorda frente a los delincuentes, tambi\u00e9n se infiere que M\u00e9xico es un Estado fallido.<br>La respuesta fue tan tibia que pareciera reconfirmar eso de los dos minutos. As\u00ed como cuando en la fiesta alguien dice, \u201cign\u00f3ralo, se le pasaron las cucharadas\u201d en referencia al necio del que no te puedes deshacer.<br>Fue m\u00e1s en\u00e9rgico el gobierno en confrontar a Espa\u00f1a por sucesos de hace 500 a\u00f1os que por los insultos y agravios que lanz\u00f3 Trump.<br>Dudo que las aseveraciones del candidato sean ciertas, pero la realidad es que en el pa\u00eds la delincuencia hace su a\u00f1o de Hidalgo.<br>Son tiempos dif\u00edciles los que se aproximan para M\u00e9xico. En lo pol\u00edtico se avizora un trato agreste, rudo, poco sutil por parte del gobierno vecino en donde la presidenta Claudia Sheinbaum deber\u00e1 tratar con el estilo de un gobernante rudo; claro, hay la posibilidad de que traten entre dos damas.<br>En lo econ\u00f3mico se teme por fuga de capitales frente al endurecimiento ideol\u00f3gico del r\u00e9gimen actual y sus reformas constitucionales; agregue las fugas de capital iniciadas por Tesla a causa del miedo al triunfo de Trump; el asunto del Estado fallido y la posibilidad de una crisis econ\u00f3mica internacional.<br>Son momentos dif\u00edciles que pueden catapultar a la presidenta Sheinbaum y acreditarla como estadista.<\/p>\n","protected":false},"excerpt":{"rendered":"<p>\u00d3scar Tamez Rodr\u00edguezDonald Trump sigue en su papel de rudo, quien se abalanza contra quien cree le trae beneficios electorales.Biden se baja de la contienda presidencial, demasiado tarde pensamos algunos, pero a\u00fan con tiempo para que Kamala Harris afiance el liderazgo de los dem\u00f3cratas norteamericanos.El presidente no tuvo la sensibilidad de entender que la senectud [&hellip;]<\/p>\n","protected":false},"author":1,"featured_media":122229,"comment_status":"open","ping_status":"open","sticky":true,"template":"","format":"standard","meta":{"footnotes":""},"categories":[12,5],"tags":[],"_links":{"self":[{"href":"https:\/\/diariodigitalmx.com\/index.php\/wp-json\/wp\/v2\/posts\/122227"}],"collection":[{"href":"https:\/\/diariodigitalmx.com\/index.php\/wp-json\/wp\/v2\/posts"}],"about":[{"href":"https:\/\/diariodigitalmx.com\/index.php\/wp-json\/wp\/v2\/types\/post"}],"author":[{"embeddable":true,"href":"https:\/\/diariodigitalmx.com\/index.php\/wp-json\/wp\/v2\/users\/1"}],"replies":[{"embeddable":true,"href":"https:\/\/diariodigitalmx.com\/index.php\/wp-json\/wp\/v2\/comments?post=122227"}],"version-history":[{"count":1,"href":"https:\/\/diariodigitalmx.com\/index.php\/wp-json\/wp\/v2\/posts\/122227\/revisions"}],"predecessor-version":[{"id":122228,"href":"https:\/\/diariodigitalmx.com\/index.php\/wp-json\/wp\/v2\/posts\/122227\/revisions\/122228"}],"wp:featuredmedia":[{"embeddable":true,"href":"https:\/\/diariodigitalmx.com\/index.php\/wp-json\/wp\/v2\/media\/122229"}],"wp:attachment":[{"href":"https:\/\/diariodigitalmx.com\/index.php\/wp-json\/wp\/v2\/media?parent=122227"}],"wp:term":[{"taxonomy":"category","embeddable":true,"href":"https:\/\/diariodigitalmx.com\/index.php\/wp-json\/wp\/v2\/categories?post=122227"},{"taxonomy":"post_tag","embeddable":true,"href":"https:\/\/diariodigitalmx.com\/index.php\/wp-json\/wp\/v2\/tags?post=122227"}],"curies":[{"name":"wp","href":"https:\/\/api.w.org\/{rel}","templated":true}]}}