{"id":122233,"date":"2024-07-26T14:12:46","date_gmt":"2024-07-26T19:12:46","guid":{"rendered":"https:\/\/diariodigitalmx.com\/?p=122233"},"modified":"2024-07-26T14:13:45","modified_gmt":"2024-07-26T19:13:45","slug":"122233","status":"publish","type":"post","link":"https:\/\/diariodigitalmx.com\/index.php\/2024\/07\/26\/122233\/","title":{"rendered":"&#8220;El Mayo&#8221;, no se entreg\u00f3, dice su abogado"},"content":{"rendered":"\n<p><br>Frank P\u00e9rez, abogado de Ismael &#8220;El Mayo&#8221; Zambada dijo que el capo mexicano no se entreg\u00f3 a las autoridades de Estados Unidos este jueves, como se especul\u00f3 luego de darse a conocer su detenci\u00f3n junto a la de Joaqu\u00edn Guzm\u00e1n L\u00f3pez, hijo de Joaqu\u00edn &#8220;El Chapo&#8221; Guzm\u00e1n.<br>El abogado dijo al peri\u00f3dico Los Angeles Times que &#8220;su cliente no cruz\u00f3 la frontera en avi\u00f3n voluntariamente, como han sugerido algunos informes&#8221;.<br>\u201cNo tengo comentarios que hacer, salvo se\u00f1alar que no se entreg\u00f3 voluntariamente. Fue entregado contra su voluntad\u201d.<br>En ese mismo tenor, el abogado dijo al peri\u00f3dico estadounidense que El Mayo Zambada compareci\u00f3 ante un tribunal federal en El Paso, Texas, este viernes por la ma\u00f1ana y se declar\u00f3 inocente de los cargos que enfrenta relacionados con el narcotr\u00e1fico y el crimen organizado.<\/p>\n","protected":false},"excerpt":{"rendered":"<p>Frank P\u00e9rez, abogado de Ismael &#8220;El Mayo&#8221; Zambada dijo que el capo mexicano no se entreg\u00f3 a las autoridades de Estados Unidos este jueves, como se especul\u00f3 luego de darse a conocer su detenci\u00f3n junto a la de Joaqu\u00edn Guzm\u00e1n L\u00f3pez, hijo de Joaqu\u00edn &#8220;El Chapo&#8221; Guzm\u00e1n.El abogado dijo al peri\u00f3dico Los Angeles Times que [&hellip;]<\/p>\n","protected":false},"author":1,"featured_media":122235,"comment_status":"open","ping_status":"open","sticky":true,"template":"","format":"standard","meta":{"footnotes":""},"categories":[4,3],"tags":[],"_links":{"self":[{"href":"https:\/\/diariodigitalmx.com\/index.php\/wp-json\/wp\/v2\/posts\/122233"}],"collection":[{"href":"https:\/\/diariodigitalmx.com\/index.php\/wp-json\/wp\/v2\/posts"}],"about":[{"href":"https:\/\/diariodigitalmx.com\/index.php\/wp-json\/wp\/v2\/types\/post"}],"author":[{"embeddable":true,"href":"https:\/\/diariodigitalmx.com\/index.php\/wp-json\/wp\/v2\/users\/1"}],"replies":[{"embeddable":true,"href":"https:\/\/diariodigitalmx.com\/index.php\/wp-json\/wp\/v2\/comments?post=122233"}],"version-history":[{"count":2,"href":"https:\/\/diariodigitalmx.com\/index.php\/wp-json\/wp\/v2\/posts\/122233\/revisions"}],"predecessor-version":[{"id":122236,"href":"https:\/\/diariodigitalmx.com\/index.php\/wp-json\/wp\/v2\/posts\/122233\/revisions\/122236"}],"wp:featuredmedia":[{"embeddable":true,"href":"https:\/\/diariodigitalmx.com\/index.php\/wp-json\/wp\/v2\/media\/122235"}],"wp:attachment":[{"href":"https:\/\/diariodigitalmx.com\/index.php\/wp-json\/wp\/v2\/media?parent=122233"}],"wp:term":[{"taxonomy":"category","embeddable":true,"href":"https:\/\/diariodigitalmx.com\/index.php\/wp-json\/wp\/v2\/categories?post=122233"},{"taxonomy":"post_tag","embeddable":true,"href":"https:\/\/diariodigitalmx.com\/index.php\/wp-json\/wp\/v2\/tags?post=122233"}],"curies":[{"name":"wp","href":"https:\/\/api.w.org\/{rel}","templated":true}]}}