{"id":122243,"date":"2024-07-26T19:27:09","date_gmt":"2024-07-27T00:27:09","guid":{"rendered":"https:\/\/diariodigitalmx.com\/?p=122243"},"modified":"2024-07-26T19:28:30","modified_gmt":"2024-07-27T00:28:30","slug":"cuando-paco-stanley-dio-lectura-a-un-mensaje-del-mayo-zambada-en-pacatelas","status":"publish","type":"post","link":"https:\/\/diariodigitalmx.com\/index.php\/2024\/07\/26\/cuando-paco-stanley-dio-lectura-a-un-mensaje-del-mayo-zambada-en-pacatelas\/","title":{"rendered":"Cuando Paco Stanley dio lectura a un mensaje del Mayo Zambada, en P\u00e1catelas"},"content":{"rendered":"\n<figure class=\"wp-block-video\"><video controls src=\"http:\/\/diariodigitalmx.com\/wp-content\/uploads\/2024\/07\/sOEF16gCWKXmy2ls.mp4\"><\/video><\/figure>\n\n\n\n<p>La detenci\u00f3n de &#8220;El Mayo&#8221; Zambada en Estados Unidos saca a relucir y recordar situaciones diversas y del pasado con el detenido, como fue el d\u00eda que el conductor Paco Stanley dio lectura a un mensaje del citado personaje en el programa &#8220;P\u00e1catelas&#8221;.<\/p>\n\n\n\n<p>De esta manera recordamos que en el programa televisivo Ventaneando, ya hace tiempo, Pepe Cabello, productor y director de Stanley, record\u00f3 el momento.<\/p>\n\n\n\n<p>&#8220;Yo dirig\u00ed ese segmento, y en ese momento en que ocurri\u00f3 ese incidente, ni Paco ni yo sab\u00edamos qui\u00e9n era &#8216;El Mayo&#8217; Zambada. Fue un mensaje que lleg\u00f3 al p\u00fablico de manera inesperada&#8221;.<\/p>\n\n\n\n<p>&#8220;El mensaje se entreg\u00f3 a la edec\u00e1n, quien luego lo pas\u00f3 al director de escena, y este a su vez se lo entreg\u00f3 a Paco. Fue algo improvisado. \u00bfCrees que Paco lo habr\u00eda le\u00eddo si hubiera sido malo? Se habr\u00eda detenido, \u00bfno? Lo habr\u00eda omitido, como sol\u00eda hacer con muchos otros mensajes que no quer\u00eda pasar&#8221;.<\/p>\n\n\n\n<p>&#8220;Fue una broma que \u00e9l mismo hizo porque al final del mensaje dec\u00eda esto no lo vayas a leer, y Paco siempre hac\u00eda lo que le prohib\u00edan. Eso fue lo que lo llev\u00f3 a sacarlo al aire&#8221;, agreg\u00f3.<\/p>\n\n\n\n<p>&#8220;Fui yo quien volte\u00f3 la c\u00e1mara hacia el p\u00fablico para ver si estaba presente esa persona y s\u00ed, hab\u00eda alguien parecido en el p\u00fablico, pero en ese momento ese personaje a\u00fan no era conocido, ni siquiera hab\u00eda una orden de b\u00fasqueda en su contra. Si revisan las fechas, a\u00fan no estaba siendo buscado&#8221;.<\/p>\n","protected":false},"excerpt":{"rendered":"<p>La detenci\u00f3n de &#8220;El Mayo&#8221; Zambada en Estados Unidos saca a relucir y recordar situaciones diversas y del pasado con el detenido, como fue el d\u00eda que el conductor Paco Stanley dio lectura a un mensaje del citado personaje en el programa &#8220;P\u00e1catelas&#8221;. De esta manera recordamos que en el programa televisivo Ventaneando, ya hace [&hellip;]<\/p>\n","protected":false},"author":1,"featured_media":122245,"comment_status":"open","ping_status":"open","sticky":true,"template":"","format":"standard","meta":{"footnotes":""},"categories":[14,2],"tags":[],"_links":{"self":[{"href":"https:\/\/diariodigitalmx.com\/index.php\/wp-json\/wp\/v2\/posts\/122243"}],"collection":[{"href":"https:\/\/diariodigitalmx.com\/index.php\/wp-json\/wp\/v2\/posts"}],"about":[{"href":"https:\/\/diariodigitalmx.com\/index.php\/wp-json\/wp\/v2\/types\/post"}],"author":[{"embeddable":true,"href":"https:\/\/diariodigitalmx.com\/index.php\/wp-json\/wp\/v2\/users\/1"}],"replies":[{"embeddable":true,"href":"https:\/\/diariodigitalmx.com\/index.php\/wp-json\/wp\/v2\/comments?post=122243"}],"version-history":[{"count":2,"href":"https:\/\/diariodigitalmx.com\/index.php\/wp-json\/wp\/v2\/posts\/122243\/revisions"}],"predecessor-version":[{"id":122248,"href":"https:\/\/diariodigitalmx.com\/index.php\/wp-json\/wp\/v2\/posts\/122243\/revisions\/122248"}],"wp:featuredmedia":[{"embeddable":true,"href":"https:\/\/diariodigitalmx.com\/index.php\/wp-json\/wp\/v2\/media\/122245"}],"wp:attachment":[{"href":"https:\/\/diariodigitalmx.com\/index.php\/wp-json\/wp\/v2\/media?parent=122243"}],"wp:term":[{"taxonomy":"category","embeddable":true,"href":"https:\/\/diariodigitalmx.com\/index.php\/wp-json\/wp\/v2\/categories?post=122243"},{"taxonomy":"post_tag","embeddable":true,"href":"https:\/\/diariodigitalmx.com\/index.php\/wp-json\/wp\/v2\/tags?post=122243"}],"curies":[{"name":"wp","href":"https:\/\/api.w.org\/{rel}","templated":true}]}}