{"id":122291,"date":"2024-07-28T11:06:22","date_gmt":"2024-07-28T16:06:22","guid":{"rendered":"https:\/\/diariodigitalmx.com\/?p=122291"},"modified":"2024-07-28T11:07:07","modified_gmt":"2024-07-28T16:07:07","slug":"tiene-mexico-primera-medalla-en-paris","status":"publish","type":"post","link":"https:\/\/diariodigitalmx.com\/index.php\/2024\/07\/28\/tiene-mexico-primera-medalla-en-paris\/","title":{"rendered":"Tiene M\u00e9xico primera medalla en Par\u00eds"},"content":{"rendered":"\n<p><br>Con Alejandra Valencia, \u00c1ngela Ruiz y Ana Paula V\u00e1zquez, M\u00e9xico subi\u00f3 al podio en Tiro con Arco con medalla de bronce en Par\u00eds 2024 en equipos femenil.<\/p>\n\n\n\n<p>De esa manera, M\u00e9xico ingresa al cuadro de medallas de la justa al superar las mexicanas a Pa\u00edses Bajos por 6-2 y alcanzar el tercer lugar.<\/p>\n\n\n\n<p>Con esta presea, la arquer\u00eda mexicana alcanza cuatro medallas en el certamen de los Juegos Ol\u00edmpicos.<\/p>\n\n\n\n<p>Alejandra Valencia obtuvo bronce<br>en equipos mixtos de Tokio 2020 junto con Luis \u00c1lvarez, y ahora ir\u00e1 por otra medalla en las pruebas individual y en mixtos.<\/p>\n","protected":false},"excerpt":{"rendered":"<p>Con Alejandra Valencia, \u00c1ngela Ruiz y Ana Paula V\u00e1zquez, M\u00e9xico subi\u00f3 al podio en Tiro con Arco con medalla de bronce en Par\u00eds 2024 en equipos femenil. De esa manera, M\u00e9xico ingresa al cuadro de medallas de la justa al superar las mexicanas a Pa\u00edses Bajos por 6-2 y alcanzar el tercer lugar. Con esta [&hellip;]<\/p>\n","protected":false},"author":1,"featured_media":122293,"comment_status":"open","ping_status":"open","sticky":true,"template":"","format":"standard","meta":{"footnotes":""},"categories":[8,3],"tags":[],"_links":{"self":[{"href":"https:\/\/diariodigitalmx.com\/index.php\/wp-json\/wp\/v2\/posts\/122291"}],"collection":[{"href":"https:\/\/diariodigitalmx.com\/index.php\/wp-json\/wp\/v2\/posts"}],"about":[{"href":"https:\/\/diariodigitalmx.com\/index.php\/wp-json\/wp\/v2\/types\/post"}],"author":[{"embeddable":true,"href":"https:\/\/diariodigitalmx.com\/index.php\/wp-json\/wp\/v2\/users\/1"}],"replies":[{"embeddable":true,"href":"https:\/\/diariodigitalmx.com\/index.php\/wp-json\/wp\/v2\/comments?post=122291"}],"version-history":[{"count":1,"href":"https:\/\/diariodigitalmx.com\/index.php\/wp-json\/wp\/v2\/posts\/122291\/revisions"}],"predecessor-version":[{"id":122292,"href":"https:\/\/diariodigitalmx.com\/index.php\/wp-json\/wp\/v2\/posts\/122291\/revisions\/122292"}],"wp:featuredmedia":[{"embeddable":true,"href":"https:\/\/diariodigitalmx.com\/index.php\/wp-json\/wp\/v2\/media\/122293"}],"wp:attachment":[{"href":"https:\/\/diariodigitalmx.com\/index.php\/wp-json\/wp\/v2\/media?parent=122291"}],"wp:term":[{"taxonomy":"category","embeddable":true,"href":"https:\/\/diariodigitalmx.com\/index.php\/wp-json\/wp\/v2\/categories?post=122291"},{"taxonomy":"post_tag","embeddable":true,"href":"https:\/\/diariodigitalmx.com\/index.php\/wp-json\/wp\/v2\/tags?post=122291"}],"curies":[{"name":"wp","href":"https:\/\/api.w.org\/{rel}","templated":true}]}}