{"id":122315,"date":"2024-07-29T06:44:42","date_gmt":"2024-07-29T11:44:42","guid":{"rendered":"https:\/\/diariodigitalmx.com\/?p=122315"},"modified":"2024-07-29T06:47:23","modified_gmt":"2024-07-29T11:47:23","slug":"son-nancy-juan-diego-y-juan-carlos-guerrero-los-mejores-del-10k-super-heroes-2024","status":"publish","type":"post","link":"https:\/\/diariodigitalmx.com\/index.php\/2024\/07\/29\/son-nancy-juan-diego-y-juan-carlos-guerrero-los-mejores-del-10k-super-heroes-2024\/","title":{"rendered":"Son Nancy Juan Diego y Juan Carlos Guerrero los mejores del 10K S\u00faper H\u00e9roes 2024"},"content":{"rendered":"\n<figure class=\"wp-block-image size-large\"><img loading=\"lazy\" decoding=\"async\" width=\"1024\" height=\"1024\" src=\"https:\/\/diariodigitalmx.com\/wp-content\/uploads\/2024\/07\/IMG_20240729_054437_932-1024x1024.webp\" alt=\"\" class=\"wp-image-122319\" srcset=\"https:\/\/diariodigitalmx.com\/wp-content\/uploads\/2024\/07\/IMG_20240729_054437_932-1024x1024.webp 1024w, https:\/\/diariodigitalmx.com\/wp-content\/uploads\/2024\/07\/IMG_20240729_054437_932-300x300.webp 300w, https:\/\/diariodigitalmx.com\/wp-content\/uploads\/2024\/07\/IMG_20240729_054437_932-150x150.webp 150w, https:\/\/diariodigitalmx.com\/wp-content\/uploads\/2024\/07\/IMG_20240729_054437_932-768x768.webp 768w, https:\/\/diariodigitalmx.com\/wp-content\/uploads\/2024\/07\/IMG_20240729_054437_932.webp 1080w\" sizes=\"(max-width: 1024px) 100vw, 1024px\" \/><\/figure>\n\n\n\n<p>Por: Ra\u00fal E. Guevara Ortiz.- En medio de una fiesta de fantas\u00eda y multicolor, donde la magia dela imaginaci\u00f3n imper\u00f3 en la vestimenta de los participantes, cientos de corredores dieron vida a la edici\u00f3n 2024 del 10K S\u00faper H\u00e9roes celebrada en las instalaciones del Parque Fundidora de la ciudad de Monterrey.<\/p>\n\n\n\n<figure class=\"wp-block-image size-large\"><img loading=\"lazy\" decoding=\"async\" width=\"1024\" height=\"1024\" src=\"https:\/\/diariodigitalmx.com\/wp-content\/uploads\/2024\/07\/IMG_20240729_054439_002-1024x1024.webp\" alt=\"\" class=\"wp-image-122321\" srcset=\"https:\/\/diariodigitalmx.com\/wp-content\/uploads\/2024\/07\/IMG_20240729_054439_002-1024x1024.webp 1024w, https:\/\/diariodigitalmx.com\/wp-content\/uploads\/2024\/07\/IMG_20240729_054439_002-300x300.webp 300w, https:\/\/diariodigitalmx.com\/wp-content\/uploads\/2024\/07\/IMG_20240729_054439_002-150x150.webp 150w, https:\/\/diariodigitalmx.com\/wp-content\/uploads\/2024\/07\/IMG_20240729_054439_002-768x768.webp 768w, https:\/\/diariodigitalmx.com\/wp-content\/uploads\/2024\/07\/IMG_20240729_054439_002.webp 1080w\" sizes=\"(max-width: 1024px) 100vw, 1024px\" \/><\/figure>\n\n\n\n<p>Desde muy temprana hora el recinto tur\u00edstico. ecol\u00f3gico se vio abarrotado por participantes de todas las edades, algunos de ellos de la categor\u00eda de 10 kil\u00f3metros, otros tantos en la de 5 mil y los menores de 12 a\u00f1os en la de 1, kil\u00f3metro.<\/p>\n\n\n\n<figure class=\"wp-block-image size-large\"><img loading=\"lazy\" decoding=\"async\" width=\"1024\" height=\"1024\" src=\"https:\/\/diariodigitalmx.com\/wp-content\/uploads\/2024\/07\/IMG_20240729_054438_403-1024x1024.webp\" alt=\"\" class=\"wp-image-122323\" srcset=\"https:\/\/diariodigitalmx.com\/wp-content\/uploads\/2024\/07\/IMG_20240729_054438_403-1024x1024.webp 1024w, https:\/\/diariodigitalmx.com\/wp-content\/uploads\/2024\/07\/IMG_20240729_054438_403-300x300.webp 300w, https:\/\/diariodigitalmx.com\/wp-content\/uploads\/2024\/07\/IMG_20240729_054438_403-150x150.webp 150w, https:\/\/diariodigitalmx.com\/wp-content\/uploads\/2024\/07\/IMG_20240729_054438_403-768x768.webp 768w, https:\/\/diariodigitalmx.com\/wp-content\/uploads\/2024\/07\/IMG_20240729_054438_403.webp 1080w\" sizes=\"(max-width: 1024px) 100vw, 1024px\" \/><\/figure>\n\n\n\n<p>Patricio Na\u00f1ez con tiempo de 15 minutos con 29 segundos se convirti\u00f3 en el primer corredor en arribar a la meta dentro de la distancia de 5 kil\u00f3metros, seguido de Erick Zerme\u00f1o y Juan Carlos Garc\u00eda quienes se llevaron el segundo y tercer lugar respectivamente con marcas de 15:30 y 18:39.<\/p>\n\n\n\n<figure class=\"wp-block-image size-large\"><img loading=\"lazy\" decoding=\"async\" width=\"1024\" height=\"1024\" src=\"https:\/\/diariodigitalmx.com\/wp-content\/uploads\/2024\/07\/IMG_20240729_054438_053-1024x1024.webp\" alt=\"\" class=\"wp-image-122324\" srcset=\"https:\/\/diariodigitalmx.com\/wp-content\/uploads\/2024\/07\/IMG_20240729_054438_053-1024x1024.webp 1024w, https:\/\/diariodigitalmx.com\/wp-content\/uploads\/2024\/07\/IMG_20240729_054438_053-300x300.webp 300w, https:\/\/diariodigitalmx.com\/wp-content\/uploads\/2024\/07\/IMG_20240729_054438_053-150x150.webp 150w, https:\/\/diariodigitalmx.com\/wp-content\/uploads\/2024\/07\/IMG_20240729_054438_053-768x768.webp 768w, https:\/\/diariodigitalmx.com\/wp-content\/uploads\/2024\/07\/IMG_20240729_054438_053.webp 1080w\" sizes=\"(max-width: 1024px) 100vw, 1024px\" \/><\/figure>\n\n\n\n<p>Mientras que la rama femenil Elia Reyna, Andrea S\u00e1nchez y Leticia Contreras hicieron el 1, 2, 3 cronometrando 19:30, 22:05 y 22:16.<\/p>\n\n\n\n<p>Durante la prueba reina del evento el Juan Carlos Guerrero, se coloc\u00f3 como l\u00edder absoluto con su tiempo de 34:34, seguido muy de cerca por Alejandro Nicol\u00e1s Garc\u00eda con 34:37 y Roberto Rodr\u00edguez con 38:23.<\/p>\n\n\n\n<p>Nancy Juan Diego logr\u00f3 colocarse en la primera posici\u00f3n de la distancia de los 10 kil\u00f3metros con marca de 39:06 imponi\u00e9ndose a sus rivales Ang\u00e9lica Mojica y San Juana Guerrero, quien arribaron a la meta con tiempos de 42:26 y 44: 21 respectivamente.<\/p>\n\n\n\n<p>El comit\u00e9 organizador encabezado por TROTIME realiz\u00f3 la premiaci\u00f3n correspondientes a los ganadores del 10K consistente en 2 y 1 mil pesos para el primero y segundo lugar, as\u00ed como 500 pesos al tercer sitio de cada rama, mientras que los ganadores del primer lugar del 5k recibieron 2 mil pesos.<\/p>\n\n\n\n<p>Tambi\u00e9n se entreg\u00f3 un premio especial a los ganadores del primer lugar con disfraces, como recompensa a su imaginaci\u00f3n.<\/p>\n","protected":false},"excerpt":{"rendered":"<p>Por: Ra\u00fal E. Guevara Ortiz.- En medio de una fiesta de fantas\u00eda y multicolor, donde la magia dela imaginaci\u00f3n imper\u00f3 en la vestimenta de los participantes, cientos de corredores dieron vida a la edici\u00f3n 2024 del 10K S\u00faper H\u00e9roes celebrada en las instalaciones del Parque Fundidora de la ciudad de Monterrey. Desde muy temprana hora [&hellip;]<\/p>\n","protected":false},"author":1,"featured_media":122317,"comment_status":"open","ping_status":"open","sticky":true,"template":"","format":"standard","meta":{"footnotes":""},"categories":[8,14],"tags":[],"_links":{"self":[{"href":"https:\/\/diariodigitalmx.com\/index.php\/wp-json\/wp\/v2\/posts\/122315"}],"collection":[{"href":"https:\/\/diariodigitalmx.com\/index.php\/wp-json\/wp\/v2\/posts"}],"about":[{"href":"https:\/\/diariodigitalmx.com\/index.php\/wp-json\/wp\/v2\/types\/post"}],"author":[{"embeddable":true,"href":"https:\/\/diariodigitalmx.com\/index.php\/wp-json\/wp\/v2\/users\/1"}],"replies":[{"embeddable":true,"href":"https:\/\/diariodigitalmx.com\/index.php\/wp-json\/wp\/v2\/comments?post=122315"}],"version-history":[{"count":3,"href":"https:\/\/diariodigitalmx.com\/index.php\/wp-json\/wp\/v2\/posts\/122315\/revisions"}],"predecessor-version":[{"id":122325,"href":"https:\/\/diariodigitalmx.com\/index.php\/wp-json\/wp\/v2\/posts\/122315\/revisions\/122325"}],"wp:featuredmedia":[{"embeddable":true,"href":"https:\/\/diariodigitalmx.com\/index.php\/wp-json\/wp\/v2\/media\/122317"}],"wp:attachment":[{"href":"https:\/\/diariodigitalmx.com\/index.php\/wp-json\/wp\/v2\/media?parent=122315"}],"wp:term":[{"taxonomy":"category","embeddable":true,"href":"https:\/\/diariodigitalmx.com\/index.php\/wp-json\/wp\/v2\/categories?post=122315"},{"taxonomy":"post_tag","embeddable":true,"href":"https:\/\/diariodigitalmx.com\/index.php\/wp-json\/wp\/v2\/tags?post=122315"}],"curies":[{"name":"wp","href":"https:\/\/api.w.org\/{rel}","templated":true}]}}