{"id":122326,"date":"2024-07-29T10:10:21","date_gmt":"2024-07-29T15:10:21","guid":{"rendered":"https:\/\/diariodigitalmx.com\/?p=122326"},"modified":"2024-07-29T10:11:33","modified_gmt":"2024-07-29T15:11:33","slug":"los-gandallas","status":"publish","type":"post","link":"https:\/\/diariodigitalmx.com\/index.php\/2024\/07\/29\/los-gandallas\/","title":{"rendered":"Los gandallas"},"content":{"rendered":"\n<p>Gerson G\u00f3mez Salas <\/p>\n\n\n\n<p>Aprovechan las \u00e9pocas de crisis. Se sirven con la cuchara grande. La camarilla de los subordinados tapa cada una de sus tropel\u00edas.<\/p>\n\n\n\n<p>Desde la crisis h\u00eddrica de hace un par de a\u00f1os, la empresa paraestatal decentralizada ha aumentado 24 ocasiones la cuota. Cada mes los recibos muestran ese incremento. Su directos Ignacio Barrag\u00e1n es voraz, como tambi\u00e9n lo es su patr\u00f3n, Samuel Garc\u00eda Sep\u00falveda.<\/p>\n\n\n\n<p>Ahora cuando el agua no es \u00fatil para consumo humano. Ducharse, lavar la loza y tal vez, con el riesgo de enfermar, tallar los dientes.<\/p>\n\n\n\n<p>Barrag\u00e1n y Garc\u00eda deben detener los incrementos. Resolver la potabilizaci\u00f3n de toda el \u00e1rea metropolitana. Iniciar el trabajo de drenaje profundo en las zonas donde se desbordan las aguas negras.<\/p>\n\n\n\n<p>Desde los nuevos fraccionamientos. Incluir los estudios de factibilidad de servicios primarios sin importar el color de los alcaldes. El asunto de las alcantarillas sobresaturadas de excremento es asunto de salud p\u00fablica.<\/p>\n\n\n\n<p>Dar marcha atr\u00e1s tambi\u00e9n a las alzas suntuosas en los barrios populares. Toda la zona metropolitana ha sido saqueada desde los bolsillos Las tiendas de conveniencia curiosamente incrementaron sus ventas de agua en m\u00e1s de un mil por ciento.<\/p>\n\n\n\n<p>Negocio tan redondo para quienes tienen las concesiones de usos de pozos. Para la producci\u00f3n de cerveza, refrescos y ahora garrafas de agua.<\/p>\n\n\n\n<p>24 alzas seguidas. Ya est\u00e1 por llegar la n\u00famero 25 en el tal\u00f3n por pagar para el mes de agosto. Por solidaridad, por austeridad y por verg\u00fcenza, Barrag\u00e1n debe ser cesado de funciones. No darle el privilegio de renunciar.<\/p>\n\n\n\n<p>Auditar toda la gesti\u00f3n de quien primero sec\u00f3 las presas. Del criminal de cuello blanco con patente de corsario.<\/p>\n","protected":false},"excerpt":{"rendered":"<p>Gerson G\u00f3mez Salas Aprovechan las \u00e9pocas de crisis. Se sirven con la cuchara grande. La camarilla de los subordinados tapa cada una de sus tropel\u00edas. Desde la crisis h\u00eddrica de hace un par de a\u00f1os, la empresa paraestatal decentralizada ha aumentado 24 ocasiones la cuota. Cada mes los recibos muestran ese incremento. Su directos Ignacio [&hellip;]<\/p>\n","protected":false},"author":1,"featured_media":122328,"comment_status":"open","ping_status":"open","sticky":true,"template":"","format":"standard","meta":{"footnotes":""},"categories":[14,12],"tags":[],"_links":{"self":[{"href":"https:\/\/diariodigitalmx.com\/index.php\/wp-json\/wp\/v2\/posts\/122326"}],"collection":[{"href":"https:\/\/diariodigitalmx.com\/index.php\/wp-json\/wp\/v2\/posts"}],"about":[{"href":"https:\/\/diariodigitalmx.com\/index.php\/wp-json\/wp\/v2\/types\/post"}],"author":[{"embeddable":true,"href":"https:\/\/diariodigitalmx.com\/index.php\/wp-json\/wp\/v2\/users\/1"}],"replies":[{"embeddable":true,"href":"https:\/\/diariodigitalmx.com\/index.php\/wp-json\/wp\/v2\/comments?post=122326"}],"version-history":[{"count":2,"href":"https:\/\/diariodigitalmx.com\/index.php\/wp-json\/wp\/v2\/posts\/122326\/revisions"}],"predecessor-version":[{"id":122330,"href":"https:\/\/diariodigitalmx.com\/index.php\/wp-json\/wp\/v2\/posts\/122326\/revisions\/122330"}],"wp:featuredmedia":[{"embeddable":true,"href":"https:\/\/diariodigitalmx.com\/index.php\/wp-json\/wp\/v2\/media\/122328"}],"wp:attachment":[{"href":"https:\/\/diariodigitalmx.com\/index.php\/wp-json\/wp\/v2\/media?parent=122326"}],"wp:term":[{"taxonomy":"category","embeddable":true,"href":"https:\/\/diariodigitalmx.com\/index.php\/wp-json\/wp\/v2\/categories?post=122326"},{"taxonomy":"post_tag","embeddable":true,"href":"https:\/\/diariodigitalmx.com\/index.php\/wp-json\/wp\/v2\/tags?post=122326"}],"curies":[{"name":"wp","href":"https:\/\/api.w.org\/{rel}","templated":true}]}}