{"id":122331,"date":"2024-07-29T10:15:36","date_gmt":"2024-07-29T15:15:36","guid":{"rendered":"https:\/\/diariodigitalmx.com\/?p=122331"},"modified":"2024-07-29T10:16:14","modified_gmt":"2024-07-29T15:16:14","slug":"sinaloa-bajo-el-fuego","status":"publish","type":"post","link":"https:\/\/diariodigitalmx.com\/index.php\/2024\/07\/29\/sinaloa-bajo-el-fuego\/","title":{"rendered":"Sinaloa bajo el fuego"},"content":{"rendered":"\n<p>De frente y de perfil <\/p>\n\n\n\n<p>Ram\u00f3n Zurita Sahag\u00fan <\/p>\n\n\n\n<p>Los culiacanenses (culiches) tienen miedo, se nota en las calles de la capital de Sinaloa, donde la vigilancia de la Guardia Nacional rompe un poco la monoton\u00eda diaria.<\/p>\n\n\n\n<p>El temor, la tensi\u00f3n y la incertidumbre sobre lo que viene se notan en los rostros de aquellos que salen a las calles.<\/p>\n\n\n\n<p>Culiac\u00e1n ya no es la de antes, despu\u00e9s de una balacera en sus calles, sus habitantes retomaban la rutina diaria.<\/p>\n\n\n\n<p>Dos hechos los marcaron el fin de semana pasado: la detenci\u00f3n de Ismael \u201cMayo\u201d Zambada y Joaqu\u00edn Guzm\u00e1n L\u00f3pez, lo que podr\u00eda desencadenar una ola de violencia y el asesinato de H\u00e9ctor Melesio Cu\u00e9n, que motiv\u00f3 la concentraci\u00f3n de decenas de personas durante el velorio y el homenaje que le rindieron en la Universidad de la que fue rector y de la que se dice manten\u00eda todav\u00eda el control.<\/p>\n\n\n\n<p>El partido creado por Cu\u00e9n se resquebraja, con todo y que sali\u00f3 librado del proceso electoral del pasado dos de junio, donde consigui\u00f3 una alcald\u00eda y una diputaci\u00f3n local, adem\u00e1s de la lograda por el propio Cu\u00e9n en el \u00e1mbito federal. Ahora priva el desconcierto, ya que el PAS viv\u00eda bajo la sombra de H\u00e9ctor Melesio.<\/p>\n\n\n\n<p>Unos d\u00edas antes de ser asesinado, el exrector de la UAS grab\u00f3 un video en el que responsabiliza al gobernador Rub\u00e9n Rocha de lo que pudiese pasarle y en otro m\u00e1s narra que tres d\u00edas antes le quitaron la protecci\u00f3n que ten\u00eda, tanto de la Guardia Nacional como de los cuerpos de seguridad y denunci\u00f3 la vigilancia sospechosa que se cern\u00eda sobre su persona. Motociclistas fuera de su casa y la de su hijo, camionetas con drones que sobrevolaban sus domicilios y otros veh\u00edculos sospechosos lo manten\u00edan alerta.<\/p>\n\n\n\n<p>Cu\u00e9n fue aliado de Rocha durante la campa\u00f1a al gobierno del estado del actual gobernador, pero la disputa por el control de la universidad rompi\u00f3 la alianza y el propio H\u00e9ctor Melesio renunci\u00f3 a la secretar\u00eda de salud estatal y sali\u00f3 a defender su espacio.<\/p>\n\n\n\n<p>Despu\u00e9s que fue rector de la Aut\u00f3noma de Sinaloa, Cu\u00e9n mantuvo el control con los siguientes rectores, pertenecientes a su entorno, por lo que Rocha, tambi\u00e9n exrector quiso recobrar su poder y la disputa creci\u00f3 en forma desmesurada.<\/p>\n\n\n\n<p>Dos situaciones agudizaron la confrontaci\u00f3n, el control de los dineros de la instituci\u00f3n educativa y el despido de dos de los hijos de Rocha que laboraban en la propia universidad, adem\u00e1s de la alianza sellada por Cu\u00e9n con PRI, PAN y PRD en la contienda electoral pasada, lo que lo dot\u00f3 de una diputaci\u00f3n federal.<\/p>\n\n\n\n<p>El encono de Cu\u00e9n y Rocha creci\u00f3 d\u00eda con d\u00eda y despu\u00e9s del asesinato del l\u00edder moral del PAS, hay se\u00f1alamientos hac\u00eda el propio gobernador Rub\u00e9n Rocha, quien se encontraba fuera de la ciudad durante dos de los acontecimientos m\u00e1s fuertes vinculados a Sinaloa que han sucedido en los \u00faltimos tiempos, el crimen de H\u00e9ctor Melesio y la detenci\u00f3n del que estaba considerado el jefe del c\u00e1rtel de la droga m\u00e1s importante del pa\u00eds.<\/p>\n\n\n\n<p>Del caso de Cu\u00e9n, el gobernador Rocha envi\u00f3 un mensaje en video, donde se nota nervioso y da a conocer que a la distancia le solicito a la fiscal del estado se inicie una investigaci\u00f3n a plenitud sobre este crimen y env\u00eda condolencias a la familia.<\/p>\n\n\n\n<p>Lo curioso de todo esto es lo que dicen los cercanos de H\u00e9ctor Melesio que mantienen dudas sobre la r\u00e1pida versi\u00f3n de que el asesinato se cometi\u00f3 en un intento de robo por el veh\u00edculo y la otra consiste en que Cu\u00e9n no acostumbraba a salir de su casa despu\u00e9s de las siete de la noche y que siempre se hacia acompa\u00f1ar de algunas personas.<\/p>\n\n\n\n<pre class=\"wp-block-code\"><code>                                                                           \u2026\u2026\u2026\u2026\u2026\u2026\u2026\u2026\u2026<\/code><\/pre>\n\n\n\n<p>El pasado s\u00e1bado, los priistas se reunieron v\u00eda zoom y presencial, para escuchar a los dos candidatos a la dirigencia nacional del partido. Discursos largos y sin mucho contenido fueron expuestos por Alejandro Moreno que busca la reelecci\u00f3n y Lorena Pi\u00f1\u00f3n que intenta por segunda vez la dirigencia partidista\u2026Afianzado en una copiosa votaci\u00f3n donde se posicion\u00f3 como la primera minor\u00eda, Enrique Vargas busca la coordinaci\u00f3n de los senadores del PAN.<br>ramonzurita44@hotmail.com<br>ramonzurita44@gmail.com<br>www.revistapersonae.com<br>ramon-zurita.blogspot.com<\/p>\n","protected":false},"excerpt":{"rendered":"<p>De frente y de perfil Ram\u00f3n Zurita Sahag\u00fan Los culiacanenses (culiches) tienen miedo, se nota en las calles de la capital de Sinaloa, donde la vigilancia de la Guardia Nacional rompe un poco la monoton\u00eda diaria. El temor, la tensi\u00f3n y la incertidumbre sobre lo que viene se notan en los rostros de aquellos que [&hellip;]<\/p>\n","protected":false},"author":1,"featured_media":122333,"comment_status":"open","ping_status":"open","sticky":true,"template":"","format":"standard","meta":{"footnotes":""},"categories":[14,12],"tags":[],"_links":{"self":[{"href":"https:\/\/diariodigitalmx.com\/index.php\/wp-json\/wp\/v2\/posts\/122331"}],"collection":[{"href":"https:\/\/diariodigitalmx.com\/index.php\/wp-json\/wp\/v2\/posts"}],"about":[{"href":"https:\/\/diariodigitalmx.com\/index.php\/wp-json\/wp\/v2\/types\/post"}],"author":[{"embeddable":true,"href":"https:\/\/diariodigitalmx.com\/index.php\/wp-json\/wp\/v2\/users\/1"}],"replies":[{"embeddable":true,"href":"https:\/\/diariodigitalmx.com\/index.php\/wp-json\/wp\/v2\/comments?post=122331"}],"version-history":[{"count":1,"href":"https:\/\/diariodigitalmx.com\/index.php\/wp-json\/wp\/v2\/posts\/122331\/revisions"}],"predecessor-version":[{"id":122332,"href":"https:\/\/diariodigitalmx.com\/index.php\/wp-json\/wp\/v2\/posts\/122331\/revisions\/122332"}],"wp:featuredmedia":[{"embeddable":true,"href":"https:\/\/diariodigitalmx.com\/index.php\/wp-json\/wp\/v2\/media\/122333"}],"wp:attachment":[{"href":"https:\/\/diariodigitalmx.com\/index.php\/wp-json\/wp\/v2\/media?parent=122331"}],"wp:term":[{"taxonomy":"category","embeddable":true,"href":"https:\/\/diariodigitalmx.com\/index.php\/wp-json\/wp\/v2\/categories?post=122331"},{"taxonomy":"post_tag","embeddable":true,"href":"https:\/\/diariodigitalmx.com\/index.php\/wp-json\/wp\/v2\/tags?post=122331"}],"curies":[{"name":"wp","href":"https:\/\/api.w.org\/{rel}","templated":true}]}}