{"id":122339,"date":"2024-07-29T15:38:47","date_gmt":"2024-07-29T20:38:47","guid":{"rendered":"https:\/\/diariodigitalmx.com\/?p=122339"},"modified":"2024-07-29T15:47:52","modified_gmt":"2024-07-29T20:47:52","slug":"protestan-transportistas-en-nl-denuncian-extorsiones-e-inseguridad","status":"publish","type":"post","link":"https:\/\/diariodigitalmx.com\/index.php\/2024\/07\/29\/protestan-transportistas-en-nl-denuncian-extorsiones-e-inseguridad\/","title":{"rendered":"Protestan transportistas en NL; denuncian extorsiones e inseguridad"},"content":{"rendered":"\n<figure class=\"wp-block-image size-large\"><img loading=\"lazy\" decoding=\"async\" width=\"768\" height=\"1024\" src=\"https:\/\/diariodigitalmx.com\/wp-content\/uploads\/2024\/07\/IMG-20240729-WA0039-768x1024.jpg\" alt=\"\" class=\"wp-image-122343\" srcset=\"https:\/\/diariodigitalmx.com\/wp-content\/uploads\/2024\/07\/IMG-20240729-WA0039-768x1024.jpg 768w, https:\/\/diariodigitalmx.com\/wp-content\/uploads\/2024\/07\/IMG-20240729-WA0039-225x300.jpg 225w, https:\/\/diariodigitalmx.com\/wp-content\/uploads\/2024\/07\/IMG-20240729-WA0039.jpg 1080w\" sizes=\"(max-width: 768px) 100vw, 768px\" \/><\/figure>\n\n\n\n<p>Monterrey. &#8211; En protesta porque el gobierno no los atiende ante sus quejas por extorsiones, transportistas de carga pesada realizaron una caravana en la Carretera Monterrey-Saltillo.<\/p>\n\n\n\n<p>Los integrantes de la Confederaci\u00f3n Nacional de Transportistas Mexicanos (Conatram) acusaron falta de di\u00e1logo del gobierno de Samuel Garcia, a quien le han expuesta las quejas no solo de extorsi\u00f3n sino tambien de inseguridad en las carreteras.<\/p>\n\n\n\n<p>La caravana de tr\u00e1ileres inici\u00f3 en los l\u00edmites de Coahuila y Nuevo Le\u00f3n en el kil\u00f3metro 272, en la citada carretera en la que circular\u00e1n a marcha lenta por ambas v\u00edas, lo que gener\u00f3 algunos embotellamientos vehiculares.<\/p>\n\n\n\n<figure class=\"wp-block-image size-large\"><img loading=\"lazy\" decoding=\"async\" width=\"768\" height=\"1024\" src=\"https:\/\/diariodigitalmx.com\/wp-content\/uploads\/2024\/07\/IMG-20240729-WA0041-768x1024.jpg\" alt=\"\" class=\"wp-image-122345\" srcset=\"https:\/\/diariodigitalmx.com\/wp-content\/uploads\/2024\/07\/IMG-20240729-WA0041-768x1024.jpg 768w, https:\/\/diariodigitalmx.com\/wp-content\/uploads\/2024\/07\/IMG-20240729-WA0041-225x300.jpg 225w, https:\/\/diariodigitalmx.com\/wp-content\/uploads\/2024\/07\/IMG-20240729-WA0041.jpg 1080w\" sizes=\"(max-width: 768px) 100vw, 768px\" \/><\/figure>\n\n\n\n<p>Avanzaron a unos 30 kil\u00f3metros por hora, y en momentos disminu\u00edan y paraban, adem\u00e1s de que ocuparon los dos carriles que tiene Saltillo-Monterrey, pero dejando libre para circular s\u00f3lo el acotamiento lo que aprovecharon algunos veh\u00edculos peque\u00f1os para transitar, aunque el caps vehicular se dio.<\/p>\n\n\n\n<p>En la protesta tambi\u00e9n demandan la destituci\u00f3n de Arturo Garza, Secretario de Seguridad del Municipio de Salinas Victoria, a quien acusan de amenazar verbalmente y por tel\u00e9fono a Diego Bolio, delegado de la Conatram en Jalisco.<\/p>\n\n\n\n<p>Acusan que los agentes de tr\u00e1nsito de al menos 11 municipios de Nuevo Le\u00f3n les piden moches que rondan entre los 10 mil y 15 mil pesos para permitirles circular con unidades de carga.<\/p>\n\n\n\n<p>Ya en zona urbana metropolitana<br>a la altura del Libramiento Noreste, estacionaron los traileres y en autos particulares se enfilaron al palacio de Gobierno a exigir fueran atendidos.<\/p>\n\n\n\n<p>Enviados de la Comisi\u00f3n Estatal de Derechos Humanos vigilan que se respete los derechos de los protestantes.<\/p>\n\n\n\n<p>Largas filas de hasta seis kil\u00f3metros han provocado los congestionamientos vehiculares.<\/p>\n","protected":false},"excerpt":{"rendered":"<p>Monterrey. &#8211; En protesta porque el gobierno no los atiende ante sus quejas por extorsiones, transportistas de carga pesada realizaron una caravana en la Carretera Monterrey-Saltillo. Los integrantes de la Confederaci\u00f3n Nacional de Transportistas Mexicanos (Conatram) acusaron falta de di\u00e1logo del gobierno de Samuel Garcia, a quien le han expuesta las quejas no solo de [&hellip;]<\/p>\n","protected":false},"author":1,"featured_media":122341,"comment_status":"open","ping_status":"open","sticky":true,"template":"","format":"standard","meta":{"footnotes":""},"categories":[6,3],"tags":[],"_links":{"self":[{"href":"https:\/\/diariodigitalmx.com\/index.php\/wp-json\/wp\/v2\/posts\/122339"}],"collection":[{"href":"https:\/\/diariodigitalmx.com\/index.php\/wp-json\/wp\/v2\/posts"}],"about":[{"href":"https:\/\/diariodigitalmx.com\/index.php\/wp-json\/wp\/v2\/types\/post"}],"author":[{"embeddable":true,"href":"https:\/\/diariodigitalmx.com\/index.php\/wp-json\/wp\/v2\/users\/1"}],"replies":[{"embeddable":true,"href":"https:\/\/diariodigitalmx.com\/index.php\/wp-json\/wp\/v2\/comments?post=122339"}],"version-history":[{"count":4,"href":"https:\/\/diariodigitalmx.com\/index.php\/wp-json\/wp\/v2\/posts\/122339\/revisions"}],"predecessor-version":[{"id":122347,"href":"https:\/\/diariodigitalmx.com\/index.php\/wp-json\/wp\/v2\/posts\/122339\/revisions\/122347"}],"wp:featuredmedia":[{"embeddable":true,"href":"https:\/\/diariodigitalmx.com\/index.php\/wp-json\/wp\/v2\/media\/122341"}],"wp:attachment":[{"href":"https:\/\/diariodigitalmx.com\/index.php\/wp-json\/wp\/v2\/media?parent=122339"}],"wp:term":[{"taxonomy":"category","embeddable":true,"href":"https:\/\/diariodigitalmx.com\/index.php\/wp-json\/wp\/v2\/categories?post=122339"},{"taxonomy":"post_tag","embeddable":true,"href":"https:\/\/diariodigitalmx.com\/index.php\/wp-json\/wp\/v2\/tags?post=122339"}],"curies":[{"name":"wp","href":"https:\/\/api.w.org\/{rel}","templated":true}]}}