{"id":122376,"date":"2024-07-30T09:06:10","date_gmt":"2024-07-30T14:06:10","guid":{"rendered":"https:\/\/diariodigitalmx.com\/?p=122376"},"modified":"2024-07-30T09:21:34","modified_gmt":"2024-07-30T14:21:34","slug":"politica-y-negociacion","status":"publish","type":"post","link":"https:\/\/diariodigitalmx.com\/index.php\/2024\/07\/30\/politica-y-negociacion\/","title":{"rendered":"Pol\u00edtica y negociaci\u00f3n"},"content":{"rendered":"\n<p>Ra\u00fal Guajardo Cant\u00fa<\/p>\n\n\n\n<p>El gobernador del estado, Samuel Garc\u00eda, no ha enviado el presupuesto de egresos al Congreso para su aprobaci\u00f3n los dos \u00faltimos a\u00f1os, suponemos que despu\u00e9s de que le fuera aprobado el primer ejercicio presupuestal y de que derivado de su ejercicio se desprendieran reclamos de los municipios y los diputados emanados del PRI y el PAN, pens\u00f3 que no le ser\u00edan aprobados en los t\u00e9rminos en que los enviar\u00eda.<\/p>\n\n\n\n<p>La justificaci\u00f3n ofrecida por el gobernador para no enviar los presupuestos, fue en el sentido de que Nuevo Le\u00f3n tendr\u00eda suficientes recursos para su administraci\u00f3n aplicando el mismo presupuesto que el de 2022 m\u00e1s lo aumentos inerciales. Al menos eso dijo en su momento.<\/p>\n\n\n\n<p>La realidad es que no ha sido as\u00ed, el gobierno del estado ha tenido que recurrir a solicitar pr\u00e9stamos para cumplir con sus compromisos y un fen\u00f3meno meteorol\u00f3gico imprevisto, como la tormenta tropical Alberto, tienen hoy en predicamento las finanzas estatales. Tambi\u00e9n ha recurrido a utilizar fondos de otros programas, como el de la Red Estatal de Autopistas, REA, para cumplir con otros compromisos.<\/p>\n\n\n\n<p>Por otra parte, la Suprema Corte de Justicia de la Naci\u00f3n, emiti\u00f3 una resoluci\u00f3n seg\u00fan la cual el gobernador incurri\u00f3 en una omisi\u00f3n punible, por lo cual orden\u00f3 al Congreso local, dominado por PRI y PAN, que imponga una sanci\u00f3n a Samuel Garc\u00eda, la cual a\u00fan est\u00e1 en proceso debido a que no ha existido el qu\u00f3rum necesario para llevar a cabo la sesi\u00f3n o sesiones en que se decidir\u00eda cu\u00e1l ser\u00eda tal sanci\u00f3n, que puede ser en un momento tan grave como la destituci\u00f3n del cargo.<\/p>\n\n\n\n<p>Es probable que, luego del encontronazo que tuvo durante su primer a\u00f1o de gobierno con el Congreso local, el gobernador apostara a que en las elecciones intermedias se llevar\u00eda la mayor\u00eda en el poder legislativo. No sucedi\u00f3 as\u00ed y ahora las consecuencias puede pagarlas, adem\u00e1s de \u00e9l, los ciudadanos nuevoleoneses.<\/p>\n\n\n\n<p>La pugna mantenida durante todo este tiempo con el Congreso local, ha tra\u00eddo consigo una serie de consecuencias que se reflejan en la falta de presupuestos de algunos municipios, principalmente de aquellos que no surgieron del mismo partido del gobernador, con todas las consecuencias que ello tiene en la falta de servicios p\u00fablicos, como el de las vialidades u su afectaci\u00f3n en la movilidad.<\/p>\n\n\n\n<p>Las cuales, por cierto, al ser afectada dos de las principales v\u00edas como lo son Constituci\u00f3n y Morones Prieto debido a la creciente del r\u00edo Santa Catarina, constituyen todo un reto para los nuevoleoneses que acostumbraban a desplazarse por ellas y para las autoridades que no cuentan con recursos econ\u00f3micos para realizar los trabajos necesarios para su rehabilitaci\u00f3n.<\/p>\n\n\n\n<p>Por ahora el gobernador no ha querido sentarse a negociar con el Congreso, y este por su parte, pone como condici\u00f3n para sentarse a la mesa, que se cumpla con lo que aseguran el gobernador no cumpli\u00f3 el primer a\u00f1o de gobierno, creando un c\u00edrculo vicioso que nos puede llevar a la falta de gobernabilidad.<\/p>\n\n\n\n<p>Ahora, por el bien de los ciudadanos, Samuel deber\u00eda plantearse la posibilidad de, como dice el dicho \u201chacer de tripas, coraz\u00f3n\u201d y sentarse a la mesa a negociar, pero hacerlo de verdad.<\/p>\n\n\n\n<p>Cediendo lo que tenga que ceder y aceptando que en anteriores ocasiones, seg\u00fan dicen sus oponentes, no cumpli\u00f3 con sus compromisos.<\/p>\n\n\n\n<p>En caso contrario, nos esperan tres largos a\u00f1os de pleitos entre poderes cuyos damnificados seremos nosotros.<\/p>\n","protected":false},"excerpt":{"rendered":"<p>Ra\u00fal Guajardo Cant\u00fa El gobernador del estado, Samuel Garc\u00eda, no ha enviado el presupuesto de egresos al Congreso para su aprobaci\u00f3n los dos \u00faltimos a\u00f1os, suponemos que despu\u00e9s de que le fuera aprobado el primer ejercicio presupuestal y de que derivado de su ejercicio se desprendieran reclamos de los municipios y los diputados emanados del [&hellip;]<\/p>\n","protected":false},"author":1,"featured_media":122379,"comment_status":"open","ping_status":"open","sticky":true,"template":"","format":"standard","meta":{"footnotes":""},"categories":[14,12],"tags":[],"_links":{"self":[{"href":"https:\/\/diariodigitalmx.com\/index.php\/wp-json\/wp\/v2\/posts\/122376"}],"collection":[{"href":"https:\/\/diariodigitalmx.com\/index.php\/wp-json\/wp\/v2\/posts"}],"about":[{"href":"https:\/\/diariodigitalmx.com\/index.php\/wp-json\/wp\/v2\/types\/post"}],"author":[{"embeddable":true,"href":"https:\/\/diariodigitalmx.com\/index.php\/wp-json\/wp\/v2\/users\/1"}],"replies":[{"embeddable":true,"href":"https:\/\/diariodigitalmx.com\/index.php\/wp-json\/wp\/v2\/comments?post=122376"}],"version-history":[{"count":1,"href":"https:\/\/diariodigitalmx.com\/index.php\/wp-json\/wp\/v2\/posts\/122376\/revisions"}],"predecessor-version":[{"id":122377,"href":"https:\/\/diariodigitalmx.com\/index.php\/wp-json\/wp\/v2\/posts\/122376\/revisions\/122377"}],"wp:featuredmedia":[{"embeddable":true,"href":"https:\/\/diariodigitalmx.com\/index.php\/wp-json\/wp\/v2\/media\/122379"}],"wp:attachment":[{"href":"https:\/\/diariodigitalmx.com\/index.php\/wp-json\/wp\/v2\/media?parent=122376"}],"wp:term":[{"taxonomy":"category","embeddable":true,"href":"https:\/\/diariodigitalmx.com\/index.php\/wp-json\/wp\/v2\/categories?post=122376"},{"taxonomy":"post_tag","embeddable":true,"href":"https:\/\/diariodigitalmx.com\/index.php\/wp-json\/wp\/v2\/tags?post=122376"}],"curies":[{"name":"wp","href":"https:\/\/api.w.org\/{rel}","templated":true}]}}