{"id":122393,"date":"2024-07-31T18:24:38","date_gmt":"2024-07-31T23:24:38","guid":{"rendered":"https:\/\/diariodigitalmx.com\/?p=122393"},"modified":"2024-07-31T18:26:59","modified_gmt":"2024-07-31T23:26:59","slug":"avanza-escobedo-en-transformacion-de-calles-y-avenidas","status":"publish","type":"post","link":"https:\/\/diariodigitalmx.com\/index.php\/2024\/07\/31\/avanza-escobedo-en-transformacion-de-calles-y-avenidas\/","title":{"rendered":"Avanza Escobedo en transformaci\u00f3n de calles y avenidas"},"content":{"rendered":"\n<p>La modernizaci\u00f3n de vialidades sigue, el Alcalde Andr\u00e9s Mijes dio el banderazo de arranque a la rehabilitaci\u00f3n de la Calle Marcelo Villarreal en la Colonia Jardines de Escobedo II, obra que se suma a las acciones encabezadas por el Municipio para transformar la movilidad de la Ciudad.<\/p>\n\n\n\n<p>Andr\u00e9s Mijes precis\u00f3 a los vecinos de esta localidad que gracias al pago oportuno de los impuestos Escobedo est\u00e1 impulsando obras que impactan positivamente a las comunidades como lo es el brindar vialidades de calidad.\u00a0<\/p>\n\n\n\n<figure class=\"wp-block-image size-large\"><img loading=\"lazy\" decoding=\"async\" width=\"1024\" height=\"682\" src=\"https:\/\/diariodigitalmx.com\/wp-content\/uploads\/2024\/07\/IMG_20240731_102439_751-1024x682.jpg\" alt=\"\" class=\"wp-image-122397\" srcset=\"https:\/\/diariodigitalmx.com\/wp-content\/uploads\/2024\/07\/IMG_20240731_102439_751-1024x682.jpg 1024w, https:\/\/diariodigitalmx.com\/wp-content\/uploads\/2024\/07\/IMG_20240731_102439_751-300x200.jpg 300w, https:\/\/diariodigitalmx.com\/wp-content\/uploads\/2024\/07\/IMG_20240731_102439_751-768x512.jpg 768w, https:\/\/diariodigitalmx.com\/wp-content\/uploads\/2024\/07\/IMG_20240731_102439_751.jpg 1280w\" sizes=\"(max-width: 1024px) 100vw, 1024px\" \/><\/figure>\n\n\n\n<p>\u201cEsta calle quedar\u00e1 como nueva, este pavimento que vienen tiene f\u00e1cil como 25 a\u00f1os de antig\u00fcedad por eso le vamos a poner nuevo y \u00bfc\u00f3mo se logra esto? con el apoyo de todos los que cumplen con el pago del impuesto predial\u201d.<\/p>\n\n\n\n<p>\u201cLo que pretendemos hacer es tener mejores calles y vialidades, estamos trabajando en este a\u00f1o en 34 importantes obras que impactar\u00e1n de forma positiva a la comunidad\u201d, expres\u00f3 el Edil.<\/p>\n\n\n\n<figure class=\"wp-block-image size-full\"><img loading=\"lazy\" decoding=\"async\" width=\"960\" height=\"640\" src=\"https:\/\/diariodigitalmx.com\/wp-content\/uploads\/2024\/07\/ImageTransformer-6.webp\" alt=\"\" class=\"wp-image-122400\" srcset=\"https:\/\/diariodigitalmx.com\/wp-content\/uploads\/2024\/07\/ImageTransformer-6.webp 960w, https:\/\/diariodigitalmx.com\/wp-content\/uploads\/2024\/07\/ImageTransformer-6-300x200.webp 300w, https:\/\/diariodigitalmx.com\/wp-content\/uploads\/2024\/07\/ImageTransformer-6-768x512.webp 768w\" sizes=\"(max-width: 960px) 100vw, 960px\" \/><\/figure>\n\n\n\n<p>Martiniano Rueda, Secretario de Obras P\u00fablicas detall\u00f3 que se rehabilitar\u00e1n en total 940 metros cuadrados de la Calle Marcelo Villarreal y los trabajos se centrar\u00e1n en el tramo ubicado entre J. Guerra y H\u00e9ctor Ayala.<\/p>\n\n\n\n<p>Ante las malas condiciones en las que est\u00e1 actualmente el pavimento de esta calle, se tendr\u00e1 una rehabilitaci\u00f3n a fondo que dejar\u00e1 una carpeta asf\u00e1ltica nueva.<\/p>\n\n\n\n<p>Los trabajos de remodelaci\u00f3n de esta calle tienen un costo de un mill\u00f3n 939 mil 541 pesos y beneficiar\u00e1 a 3 mil habitantes del sector.<\/p>\n\n\n\n<p>El Municipio de Escobedo para este 2024 tiene contemplada la ejecuci\u00f3n de 34 obras enfocadas a la remodelaci\u00f3n de calles y avenidas, adem\u00e1s de pluviales y plazas p\u00fablicas.<\/p>\n","protected":false},"excerpt":{"rendered":"<p>La modernizaci\u00f3n de vialidades sigue, el Alcalde Andr\u00e9s Mijes dio el banderazo de arranque a la rehabilitaci\u00f3n de la Calle Marcelo Villarreal en la Colonia Jardines de Escobedo II, obra que se suma a las acciones encabezadas por el Municipio para transformar la movilidad de la Ciudad. Andr\u00e9s Mijes precis\u00f3 a los vecinos de esta [&hellip;]<\/p>\n","protected":false},"author":1,"featured_media":122396,"comment_status":"open","ping_status":"open","sticky":true,"template":"","format":"standard","meta":{"footnotes":""},"categories":[6],"tags":[],"_links":{"self":[{"href":"https:\/\/diariodigitalmx.com\/index.php\/wp-json\/wp\/v2\/posts\/122393"}],"collection":[{"href":"https:\/\/diariodigitalmx.com\/index.php\/wp-json\/wp\/v2\/posts"}],"about":[{"href":"https:\/\/diariodigitalmx.com\/index.php\/wp-json\/wp\/v2\/types\/post"}],"author":[{"embeddable":true,"href":"https:\/\/diariodigitalmx.com\/index.php\/wp-json\/wp\/v2\/users\/1"}],"replies":[{"embeddable":true,"href":"https:\/\/diariodigitalmx.com\/index.php\/wp-json\/wp\/v2\/comments?post=122393"}],"version-history":[{"count":3,"href":"https:\/\/diariodigitalmx.com\/index.php\/wp-json\/wp\/v2\/posts\/122393\/revisions"}],"predecessor-version":[{"id":122401,"href":"https:\/\/diariodigitalmx.com\/index.php\/wp-json\/wp\/v2\/posts\/122393\/revisions\/122401"}],"wp:featuredmedia":[{"embeddable":true,"href":"https:\/\/diariodigitalmx.com\/index.php\/wp-json\/wp\/v2\/media\/122396"}],"wp:attachment":[{"href":"https:\/\/diariodigitalmx.com\/index.php\/wp-json\/wp\/v2\/media?parent=122393"}],"wp:term":[{"taxonomy":"category","embeddable":true,"href":"https:\/\/diariodigitalmx.com\/index.php\/wp-json\/wp\/v2\/categories?post=122393"},{"taxonomy":"post_tag","embeddable":true,"href":"https:\/\/diariodigitalmx.com\/index.php\/wp-json\/wp\/v2\/tags?post=122393"}],"curies":[{"name":"wp","href":"https:\/\/api.w.org\/{rel}","templated":true}]}}