{"id":122405,"date":"2024-07-31T20:11:41","date_gmt":"2024-08-01T01:11:41","guid":{"rendered":"https:\/\/diariodigitalmx.com\/?p=122405"},"modified":"2024-07-31T20:12:14","modified_gmt":"2024-08-01T01:12:14","slug":"tienen-jovenes-verano-incluyente-en-3-museos","status":"publish","type":"post","link":"https:\/\/diariodigitalmx.com\/index.php\/2024\/07\/31\/tienen-jovenes-verano-incluyente-en-3-museos\/","title":{"rendered":"Tienen j\u00f3venes \u201cVerano Incluyente\u201d en 3 Museos"},"content":{"rendered":"\n<p>Monterrey.- Con expresiones de asombro, sorpresa y emoci\u00f3n por aprender, 20 j\u00f3venes con s\u00edndrome de Down viven un \u201cVerano incluyente\u201d, a trav\u00e9s de un curso que desarrollar\u00e1 su conocimiento sobre la historia del noreste y M\u00e9xico a trav\u00e9s del arte, desde el 30 de julio al 2 de agosto.<\/p>\n\n\n\n<p>Es la primera vez que se realiza una experiencia educativa con esta poblaci\u00f3n, para lo cual la Coordinaci\u00f3n de Servicios Educativos y Atenci\u00f3n al Visitante, del Museo de Historia Mexicana, trabaj\u00f3 en conjunto con la compa\u00f1\u00eda Zurcidores de Cuentos, quienes tienen gran experiencia en este tipo de proyectos.<\/p>\n\n\n\n<p>Los participantes entre los 12 y los 25 a\u00f1os de edad est\u00e1n adscritos a instituciones con las que el museo tiene alianzas educativas como Cam Vallarta, Andares A.B.P., Sabores \u00fanicos e Instituto Down de Monterrey.<\/p>\n\n\n\n<p>En esta experiencia estar\u00e1n recorriendo el Museo de Historia Mexicana y la exposici\u00f3n temporal \u201cFuimos Mar, Vallecillo cret\u00e1cico Nuevo Le\u00f3n\u201d del Museo del Noreste, lugar donde trabajar\u00e1n en la creaci\u00f3n de un f\u00f3sil empleando t\u00e9cnicas de las artes pl\u00e1sticas, mientras se desarrollan el aprendizaje sobre la prehistoria del estado.<\/p>\n\n\n\n<p>Su primer d\u00eda de curso inici\u00f3 con una poes\u00eda colectiva y posteriormente realizaron un recorrido por M\u00e9xico Antiguo y conocieron aspectos sobre la vida cotidiana de las culturas prehisp\u00e1nicas, posteriormente aplicaron sus conocimientos para moldear una vasija sencilla con papel reciclado.<\/p>\n\n\n\n<p>UNIR EXPERIENCIAS<\/p>\n\n\n\n<p>Zurcidores de Cuentos es una compa\u00f1\u00eda esc\u00e9nica establecida hace 20 a\u00f1os. Ha colaborado estrechamente en el programa PISYE de la Universidad de Monterrey, el cual tiene el objetivo de integrar en el \u00e1mbito universitario a personas Down y con discapacidad intelectual, a trav\u00e9s del arte terapia.<\/p>\n\n\n\n<p>Su trabajo hace \u00e9nfasis en las artes esc\u00e9nicas, pl\u00e1sticas y literarias, tomando en cuenta que los beneficios de la expresi\u00f3n corporal y vocal repercuten en el desarrollo f\u00edsico de los alumnos (control facial y gestual) mejorando sus expresiones al comunicarse y sus habilidades sociales y cognitivas.<\/p>\n","protected":false},"excerpt":{"rendered":"<p>Monterrey.- Con expresiones de asombro, sorpresa y emoci\u00f3n por aprender, 20 j\u00f3venes con s\u00edndrome de Down viven un \u201cVerano incluyente\u201d, a trav\u00e9s de un curso que desarrollar\u00e1 su conocimiento sobre la historia del noreste y M\u00e9xico a trav\u00e9s del arte, desde el 30 de julio al 2 de agosto. Es la primera vez que se [&hellip;]<\/p>\n","protected":false},"author":1,"featured_media":122407,"comment_status":"open","ping_status":"open","sticky":true,"template":"","format":"standard","meta":{"footnotes":""},"categories":[11,14],"tags":[],"_links":{"self":[{"href":"https:\/\/diariodigitalmx.com\/index.php\/wp-json\/wp\/v2\/posts\/122405"}],"collection":[{"href":"https:\/\/diariodigitalmx.com\/index.php\/wp-json\/wp\/v2\/posts"}],"about":[{"href":"https:\/\/diariodigitalmx.com\/index.php\/wp-json\/wp\/v2\/types\/post"}],"author":[{"embeddable":true,"href":"https:\/\/diariodigitalmx.com\/index.php\/wp-json\/wp\/v2\/users\/1"}],"replies":[{"embeddable":true,"href":"https:\/\/diariodigitalmx.com\/index.php\/wp-json\/wp\/v2\/comments?post=122405"}],"version-history":[{"count":1,"href":"https:\/\/diariodigitalmx.com\/index.php\/wp-json\/wp\/v2\/posts\/122405\/revisions"}],"predecessor-version":[{"id":122406,"href":"https:\/\/diariodigitalmx.com\/index.php\/wp-json\/wp\/v2\/posts\/122405\/revisions\/122406"}],"wp:featuredmedia":[{"embeddable":true,"href":"https:\/\/diariodigitalmx.com\/index.php\/wp-json\/wp\/v2\/media\/122407"}],"wp:attachment":[{"href":"https:\/\/diariodigitalmx.com\/index.php\/wp-json\/wp\/v2\/media?parent=122405"}],"wp:term":[{"taxonomy":"category","embeddable":true,"href":"https:\/\/diariodigitalmx.com\/index.php\/wp-json\/wp\/v2\/categories?post=122405"},{"taxonomy":"post_tag","embeddable":true,"href":"https:\/\/diariodigitalmx.com\/index.php\/wp-json\/wp\/v2\/tags?post=122405"}],"curies":[{"name":"wp","href":"https:\/\/api.w.org\/{rel}","templated":true}]}}