{"id":122411,"date":"2024-08-01T07:16:07","date_gmt":"2024-08-01T12:16:07","guid":{"rendered":"https:\/\/diariodigitalmx.com\/?p=122411"},"modified":"2024-08-01T07:52:24","modified_gmt":"2024-08-01T12:52:24","slug":"reitera-trife-a-congreso-de-nl-sancione-a-samuel-garcia","status":"publish","type":"post","link":"https:\/\/diariodigitalmx.com\/index.php\/2024\/08\/01\/reitera-trife-a-congreso-de-nl-sancione-a-samuel-garcia\/","title":{"rendered":"Reitera TRIFE a Congreso de NL sancione a Samuel Garc\u00eda"},"content":{"rendered":"\n<p>Monterrey. &#8211; La Sala Superior el Tribunal Electoral del Poder Judicial de la Federaci\u00f3n determin\u00f3 que el gobernador Samuel Garc\u00eda; Hern\u00e1n Villarreal, Secretario de Movilidad; Julieta L\u00f3pez, titular de la Unidad de Comunicaci\u00f3n, y el Sistema de Radio y Televisi\u00f3n Estatal, vulneraron la equidad en la elecci\u00f3n Presidencial e incurrieron en uso indebido de recursos p\u00fablicos.<\/p>\n\n\n\n<p>De esta manera, en la resoluci\u00f3n se confirm\u00f3 la petici\u00f3n que ya hab\u00eda hecho la Sala Especializada del Tribunal para que el Congreso del Estado sancione al gobernador y funcionarios.<\/p>\n\n\n\n<p>El juicio en su origen fue promovido por el Partido Acci\u00f3n Nacional derivado de que el gobernador destac\u00f3 su trayectoria y las acciones de su gobierno ante la prensa el 19 de noviembre del 2023, previo al inicio de su precampa\u00f1a presidencial.<\/p>\n\n\n\n<p>El proyecto que present\u00f3 el Magistrado Felipe de la Mata fue aprobado por mayor\u00eda de cuatro votos -con el voto en contra del magistrado Reyes Rodr\u00edguez- y qued\u00f3 firme al tratarse de la \u00faltima instancia en que se pod\u00eda dirimir el asunto, por lo que toca ahora al Congreso que conforma mayor\u00eda el PAN y el PRI ver el asunto y sancionar.<\/p>\n\n\n\n<p>&#8220;El proyecto propone confirmar la sentencia impugnada, ante lo infundado e inoperante de los planteamientos hechos valer por la parte recurrente, pues la responsable justific\u00f3 la existencia de las infracciones&#8221;, se dijo en la lectura del resolutivo.<\/p>\n\n\n\n<p>El Trife confirm\u00f3 adem\u00e1s, una sanci\u00f3n dictada por la Sala Especializada, en la que se determin\u00f3 que Samuel Garc\u00eda viol\u00f3 la ley con un video en el que hace pronunciamientos teniendo como fondo la Bas\u00edlica de Zapopan, Jalisco, en noviembre del a\u00f1o pasado.<\/p>\n\n\n\n<p>&#8220;El video difundido y que constituye el material denunciado s\u00ed re\u00fane los elementos que constituyen la propaganda pol\u00edtico-electoral, aunado a que tambi\u00e9n se advierte el uso de s\u00edmbolos religiosos, lo cual constituye en s\u00ed mismo un l\u00edmite al ejercicio de la libertad de expresi\u00f3n de la persona denunciada, de ah\u00ed se propone confirmar la sentencia controvertida&#8221;, se determin\u00f3.<\/p>\n\n\n\n<p>ANTECEDENTES<\/p>\n\n\n\n<p>El 4 de julio pasado, y a criterio de la Sala Especializada del Trife, Samuel Garc\u00eda incurri\u00f3 en promoci\u00f3n personalizada, de los principios de imparcialidad, neutralidad y equidad, y uso indebido de recursos p\u00fablicos por esas expresiones, por lo que determin\u00f3 que el Poder Legislativo deber\u00eda sancionar, sin embargo, el gobernador acudi\u00f3 a la Sala Superior para revertir la resoluci\u00f3n al impugnar, lo que este mi\u00e9rcoles se determin\u00f3 mantener la sentencia.<\/p>\n\n\n\n<p>JUICIO POLITICO<\/p>\n\n\n\n<p>La determinaci\u00f3n del TRIFE es un asunto distinto al juicio pol\u00edtico que mantiene latente el Congreso de Nuevo Le\u00f3n contra el gobernador por no haber presentado a tiempo el presupuesto estatal 2023 el cual, de acuerdo a la Constituci\u00f3n de la entidad, debe hacerse ante los diputados en noviembre de cada a\u00f1o, por lo que el PAN y el PRI a trav\u00e9s de sus dirigencias hicieron la denuncia respectiva.<\/p>\n\n\n\n<p>Samuel Garc\u00eda tampoco present\u00f3 el presupuesto del 2024 en noviembre del a\u00f1o pasado con lo que volvi\u00f3 a violentar la Constituci\u00f3n.<\/p>\n\n\n\n<p>El asunto se mantiene en el Poder Legislativo y aunque falta poco m\u00e1s de un mes para que concluya la actual legislatura, los diputados deber\u00e1n actuar, o dejar a la siguiente el caso.<\/p>\n","protected":false},"excerpt":{"rendered":"<p>Monterrey. &#8211; La Sala Superior el Tribunal Electoral del Poder Judicial de la Federaci\u00f3n determin\u00f3 que el gobernador Samuel Garc\u00eda; Hern\u00e1n Villarreal, Secretario de Movilidad; Julieta L\u00f3pez, titular de la Unidad de Comunicaci\u00f3n, y el Sistema de Radio y Televisi\u00f3n Estatal, vulneraron la equidad en la elecci\u00f3n Presidencial e incurrieron en uso indebido de recursos [&hellip;]<\/p>\n","protected":false},"author":1,"featured_media":122413,"comment_status":"open","ping_status":"open","sticky":true,"template":"","format":"standard","meta":{"footnotes":""},"categories":[6,3],"tags":[],"_links":{"self":[{"href":"https:\/\/diariodigitalmx.com\/index.php\/wp-json\/wp\/v2\/posts\/122411"}],"collection":[{"href":"https:\/\/diariodigitalmx.com\/index.php\/wp-json\/wp\/v2\/posts"}],"about":[{"href":"https:\/\/diariodigitalmx.com\/index.php\/wp-json\/wp\/v2\/types\/post"}],"author":[{"embeddable":true,"href":"https:\/\/diariodigitalmx.com\/index.php\/wp-json\/wp\/v2\/users\/1"}],"replies":[{"embeddable":true,"href":"https:\/\/diariodigitalmx.com\/index.php\/wp-json\/wp\/v2\/comments?post=122411"}],"version-history":[{"count":1,"href":"https:\/\/diariodigitalmx.com\/index.php\/wp-json\/wp\/v2\/posts\/122411\/revisions"}],"predecessor-version":[{"id":122412,"href":"https:\/\/diariodigitalmx.com\/index.php\/wp-json\/wp\/v2\/posts\/122411\/revisions\/122412"}],"wp:featuredmedia":[{"embeddable":true,"href":"https:\/\/diariodigitalmx.com\/index.php\/wp-json\/wp\/v2\/media\/122413"}],"wp:attachment":[{"href":"https:\/\/diariodigitalmx.com\/index.php\/wp-json\/wp\/v2\/media?parent=122411"}],"wp:term":[{"taxonomy":"category","embeddable":true,"href":"https:\/\/diariodigitalmx.com\/index.php\/wp-json\/wp\/v2\/categories?post=122411"},{"taxonomy":"post_tag","embeddable":true,"href":"https:\/\/diariodigitalmx.com\/index.php\/wp-json\/wp\/v2\/tags?post=122411"}],"curies":[{"name":"wp","href":"https:\/\/api.w.org\/{rel}","templated":true}]}}