{"id":122431,"date":"2024-08-01T13:34:20","date_gmt":"2024-08-01T18:34:20","guid":{"rendered":"https:\/\/diariodigitalmx.com\/?p=122431"},"modified":"2024-08-04T22:40:52","modified_gmt":"2024-08-05T03:40:52","slug":"la-fragmentacion-del-tejido-social-crisis-de-identidad-y-pertenencia","status":"publish","type":"post","link":"https:\/\/diariodigitalmx.com\/index.php\/2024\/08\/01\/la-fragmentacion-del-tejido-social-crisis-de-identidad-y-pertenencia\/","title":{"rendered":"La fragmentaci\u00f3n del tejido social: Crisis de identidad y pertenencia"},"content":{"rendered":"\n<p>Por Gerardo Guerrero<\/p>\n\n\n\n<p>En el mundo contempor\u00e1neo, observamos una transformaci\u00f3n profunda en las estructuras que alguna vez brindaron cohesi\u00f3n y sentido a la vida social. Esta transformaci\u00f3n se manifiesta en la desintegraci\u00f3n de las estructuras que sosten\u00edan la vida familiar y comunitaria, as\u00ed como en la p\u00e9rdida de un sentido s\u00f3lido de pertenencia e identidad. A medida que las sociedades modernas evolucionan, se enfrentan a desaf\u00edos significativos que afectan la forma en que las personas se relacionan y encuentran su lugar en el mundo. Con referencia al tema la Madre Teresa de Calcuta expresaba \u201cLa mayor enfermedad hoy en d\u00eda no es la lepra o la tuberculosis, sino el sentirse no querido, no cuidado, y abandonado por todos\u201d.<\/p>\n\n\n\n<p>La desintegraci\u00f3n de la familia y la comunidad, dos pilares fundamentales de la vida social, refleja una tendencia hacia la individualizaci\u00f3n y el debilitamiento de los lazos tradicionales que sol\u00edan definir las relaciones humanas. En palabras de Alexis de Tocqueville, &#8220;La individualidad de los ciudadanos se acrecienta a medida que se disuelven los lazos sociales\u201d. En un pasado no tan lejano, las familias extendidas y las comunidades unidas proporcionaban un marco estable en el que las personas encontraban apoyo, identidad y sentido de pertenencia. Sin embargo, la fragmentaci\u00f3n de estos n\u00facleos sociales ha dado lugar a un entorno en el que las conexiones entre individuos son a menudo m\u00e1s ef\u00edmeras y menos profundas.<\/p>\n\n\n\n<p>Este debilitamiento de las estructuras familiares y comunitarias tiene efectos notables en el sentido de pertenencia e identidad de las personas. La ausencia de un marco s\u00f3lido en el que encajar puede provocar sentimientos de desconexi\u00f3n y alienaci\u00f3n. Como Carl Jung afirm\u00f3, &#8220;El hombre moderno no se siente como parte de la naturaleza, sino como una entidad en el universo que se siente aislada&#8221;. En lugar de identificarse con una red establecida de relaciones y valores, las personas pueden sentirse perdidas, buscando respuestas en un entorno que parece ofrecer poco en t\u00e9rminos de estabilidad emocional y social.<\/p>\n\n\n\n<p>En un contexto m\u00e1s amplio, la transformaci\u00f3n de las estructuras sociales y la p\u00e9rdida de identidad tambi\u00e9n se ven influenciadas por el contexto cultural y econ\u00f3mico en el que se desarrolla la vida cotidiana. La globalizaci\u00f3n y la creciente interconexi\u00f3n han tra\u00eddo consigo una diversidad de influencias que, si bien enriquecen la experiencia humana, tambi\u00e9n pueden contribuir a una sensaci\u00f3n de desarraigo y a la dificultad de encontrar un sentido claro de lugar en el mundo. Tal como argumenta Erich Fromm, &#8220;El \u00e9nfasis excesivo en el consumo y la acumulaci\u00f3n de bienes materiales lleva a una p\u00e9rdida de conexi\u00f3n con nuestra verdadera naturaleza y esencia humana\u201d. Por ejemplo, en su libro &#8220;Tener o Ser&#8221;, Fromm examina la diferencia entre los modos de existencia basados en el &#8220;tener&#8221; (poseer y acumular) y el &#8220;ser&#8221; (vivir y experimentar), sugiriendo que la modernidad ha favorecido el primero, en detrimento del segundo, lo que conduce a un sentimiento de vac\u00edo y descontento.<\/p>\n\n\n\n<p>Las sociedades actuales enfrentan una serie de desaf\u00edos significativos que afectan tanto a las relaciones individuales como a la cohesi\u00f3n social en general. La velocidad del cambio y la complejidad de los entornos modernos pueden generar incertidumbre y dificultad para establecer una identidad clara y estable. En este sentido, es esencial reflexionar sobre c\u00f3mo estos desaf\u00edos influyen en la experiencia cotidiana y considerar las posibles v\u00edas para abordar estas cuestiones.<\/p>\n\n\n\n<p>La reflexi\u00f3n sobre la desintegraci\u00f3n de las estructuras familiares y comunitarias, junto con la p\u00e9rdida de pertenencia e identidad, ofrece una oportunidad para examinar el papel que juegan los v\u00ednculos sociales y las estructuras de apoyo en la vida de las personas. Sigmund Freud argument\u00f3 que las relaciones familiares juegan un papel crucial en la formaci\u00f3n de la identidad y el desarrollo emocional, sugiriendo que las alteraciones en estas estructuras pueden tener efectos profundos en la psique individual (Freud, <em>El yo y el ello<\/em>). Mientras las sociedades siguen evolucionando, surge la necesidad de explorar c\u00f3mo reconstruir o adaptar los mecanismos de apoyo y conexi\u00f3n que son esenciales para el bienestar individual y colectivo.<\/p>\n\n\n\n<p>Aunque las respuestas concretas pueden variar, el primer paso hacia la soluci\u00f3n implica un entendimiento profundo de estos problemas y una disposici\u00f3n para explorar nuevas formas de colaboraci\u00f3n y apoyo en nuestras vidas y comunidades. Abraham Maslow, con su teor\u00eda de la jerarqu\u00eda de necesidades, enfatiz\u00f3 la importancia de la pertenencia y el amor como necesidades fundamentales para el desarrollo humano. En \u00faltima instancia, este an\u00e1lisis invita a la reflexi\u00f3n sobre c\u00f3mo cada uno de nosotros puede contribuir a fortalecer las relaciones y estructuras que fomentan un sentido de pertenencia y estabilidad. Viktor Frankl, con su enfoque en la b\u00fasqueda de sentido, sugiere que encontrar un prop\u00f3sito en medio de la adversidad puede ser clave para enfrentar los desaf\u00edos contempor\u00e1neos. La b\u00fasqueda de soluciones y adaptaciones en este contexto puede ofrecer nuevas formas de abordar los desaf\u00edos contempor\u00e1neos y encontrar formas de revitalizar los elementos fundamentales que sostienen nuestras vidas.<\/p>\n\n\n\n<p>Comparte ahora mismo \ud83c\udf10<\/p>\n\n\n\n<p>Deja tu comentario \ud83d\udcac<\/p>\n\n\n\n<p><a href=\"https:\/\/www.facebook.com\/davidguerrerogtz\">https:\/\/www.facebook.com\/davidguerrerogtz<\/a><\/p>\n\n\n\n<figure class=\"wp-block-embed is-type-rich is-provider-twitter wp-block-embed-twitter\"><div class=\"wp-block-embed__wrapper\">\n<a class=\"twitter-timeline\" data-width=\"640\" data-height=\"960\" data-dnt=\"true\" href=\"https:\/\/twitter.com\/Gera__Guerrero?ref_src=twsrc%5Etfw\">Tweets by Gera__Guerrero<\/a><script async src=\"https:\/\/platform.twitter.com\/widgets.js\" charset=\"utf-8\"><\/script>\n<\/div><\/figure>\n","protected":false},"excerpt":{"rendered":"<p>Por Gerardo Guerrero En el mundo contempor\u00e1neo, observamos una transformaci\u00f3n profunda en las estructuras que alguna vez brindaron cohesi\u00f3n y sentido a la vida social. Esta transformaci\u00f3n se manifiesta en la desintegraci\u00f3n de las estructuras que sosten\u00edan la vida familiar y comunitaria, as\u00ed como en la p\u00e9rdida de un sentido s\u00f3lido de pertenencia e identidad. [&hellip;]<\/p>\n","protected":false},"author":1,"featured_media":122433,"comment_status":"open","ping_status":"open","sticky":true,"template":"","format":"standard","meta":{"footnotes":""},"categories":[14,12],"tags":[],"_links":{"self":[{"href":"https:\/\/diariodigitalmx.com\/index.php\/wp-json\/wp\/v2\/posts\/122431"}],"collection":[{"href":"https:\/\/diariodigitalmx.com\/index.php\/wp-json\/wp\/v2\/posts"}],"about":[{"href":"https:\/\/diariodigitalmx.com\/index.php\/wp-json\/wp\/v2\/types\/post"}],"author":[{"embeddable":true,"href":"https:\/\/diariodigitalmx.com\/index.php\/wp-json\/wp\/v2\/users\/1"}],"replies":[{"embeddable":true,"href":"https:\/\/diariodigitalmx.com\/index.php\/wp-json\/wp\/v2\/comments?post=122431"}],"version-history":[{"count":2,"href":"https:\/\/diariodigitalmx.com\/index.php\/wp-json\/wp\/v2\/posts\/122431\/revisions"}],"predecessor-version":[{"id":122531,"href":"https:\/\/diariodigitalmx.com\/index.php\/wp-json\/wp\/v2\/posts\/122431\/revisions\/122531"}],"wp:featuredmedia":[{"embeddable":true,"href":"https:\/\/diariodigitalmx.com\/index.php\/wp-json\/wp\/v2\/media\/122433"}],"wp:attachment":[{"href":"https:\/\/diariodigitalmx.com\/index.php\/wp-json\/wp\/v2\/media?parent=122431"}],"wp:term":[{"taxonomy":"category","embeddable":true,"href":"https:\/\/diariodigitalmx.com\/index.php\/wp-json\/wp\/v2\/categories?post=122431"},{"taxonomy":"post_tag","embeddable":true,"href":"https:\/\/diariodigitalmx.com\/index.php\/wp-json\/wp\/v2\/tags?post=122431"}],"curies":[{"name":"wp","href":"https:\/\/api.w.org\/{rel}","templated":true}]}}