{"id":122460,"date":"2024-08-02T09:07:25","date_gmt":"2024-08-02T14:07:25","guid":{"rendered":"https:\/\/diariodigitalmx.com\/?p=122460"},"modified":"2024-08-02T09:08:13","modified_gmt":"2024-08-02T14:08:13","slug":"mal-fario","status":"publish","type":"post","link":"https:\/\/diariodigitalmx.com\/index.php\/2024\/08\/02\/mal-fario\/","title":{"rendered":"Mal fario"},"content":{"rendered":"\n<p>De frente y de perfil <\/p>\n\n\n\n<p>Ram\u00f3n Zurita Sahag\u00fan <\/p>\n\n\n\n<p>Durante d\u00e9cadas se consider\u00f3 que Los Pinos se encontraba hechizado y que sus habitantes sufr\u00edan extra\u00f1as vivencias en su habitar en esa residencia oficial.<\/p>\n\n\n\n<p>Eran tantas leyendas alrededor de ese sitio que el Presidente L\u00f3pez Obrador no se quiso ir a vivir ah\u00ed y, por el contrario, mand\u00f3 a realizar limpias, para echar fuera los malos esp\u00edritus.<\/p>\n\n\n\n<p>AMLO consider\u00f3 que Los Pinos ya fueron purificados, desde el momento mismo en que se abrieron las puertas de la exresidencia oficial al pueblo.<\/p>\n\n\n\n<p>Sin embargo, parece ser que el mal fario no correspond\u00eda a la residencia y si a los inquilinos, especialmente al que ten\u00eda el derecho de vivir en ella.<\/p>\n\n\n\n<p>Desde la \u00e9poca civilista inaugurada por el abogado Miguel Alem\u00e1n, son varios los Presidentes que desfilaron por la residencia oficial de Los Pinos y vivieron ah\u00ed con sus familias.<\/p>\n\n\n\n<p>Muchos de ellos llegaron con familias completas y al salir de dicha casa habitaci\u00f3n sus vidas sufrieron un vuelco con separaciones, la formaci\u00f3n de nuevas familias o simple alejamiento de sus parejas formales.<\/p>\n\n\n\n<p>La historia se inicia al t\u00e9rmino de los mandatos de generales y el inicio de las presidencias civiles, siendo Miguel Alem\u00e1n el primero de ellos.<\/p>\n\n\n\n<p>El veracruzano sigui\u00f3 casado durante toda su vida, pero tuvo una pareja no formal, con otra persona, en la que procre\u00f3 a una hija, la que lleva el apellido Alem\u00e1n.<\/p>\n\n\n\n<p>Adolfo Ruiz Cortines fue el segundo inquilino de Los Pinos y lleg\u00f3 casado con Mar\u00eda Izaguirre, su segunda esposa, con quien se mantuvo casado hasta el resto de sus d\u00edas. Sin embargo, Don Adolfo (as\u00ed lo diferenciaban de su sucesor) se fue a vivir a Veracruz, quedando su esposa en la CDMX, por lo que sus historiadores dicen que manten\u00edan una separaci\u00f3n.<\/p>\n\n\n\n<p>El joven Adolfo (as\u00ed se le conoc\u00eda) L\u00f3pez Mateos sucedi\u00f3 a su tocayo de nombre y, seguramente, influido por esos malos esp\u00edritus que habitaban en Los Pinos y procedi\u00f3 a su separaci\u00f3n de su esposa Eva S\u00e1mano, para contraer nupcias con la joven Angelina Guti\u00e9rrez, con la que tuvo dos descendientes.<\/p>\n\n\n\n<p>Gustavo D\u00edaz Ordaz fue el siguiente inquilino de Los Pinos y su matrimonio con Guadalupe Borja subsisti\u00f3, aunque con cierto distanciamiento entre ellos por la intromisi\u00f3n y la escasa discreci\u00f3n de la actriz y cantantes Irma Consuelo Serrano Castro que public\u00f3 sendos libros en los que narraba su relaci\u00f3n extramarital con el entonces Presidente de la Rep\u00fablica.<\/p>\n\n\n\n<p>Luis Echeverr\u00eda fue un hombre de familia que nunca puso en riesgo su relaci\u00f3n con Mar\u00eda Esther Zuno y su vida familiar con los ocho hijos del matrimonio. Algunos libros narran unos amor\u00edos, los que jam\u00e1s reconoci\u00f3.<\/p>\n\n\n\n<p>Jos\u00e9 L\u00f3pez Portillo es uno de los dos Presidentes de la Rep\u00fablica que se dej\u00f3 absorber por el oropel y el poder que concentra en un Presidente de la Rep\u00fablica. De \u00e9l se dice que ya se encontraba separado de Carmen Romano y que la noticia de que ser\u00eda candidato \u00fanico a la Presidencia de la Rep\u00fablica, llev\u00f3 a Jos\u00e9 y Carmen a sellar un pacto, para mantenerse juntos hasta el final de su sexenio. As\u00ed lo hicieron y al t\u00e9rmino L\u00f3pez Portillo hizo pareja y se cas\u00f3 con la actriz Sasha Montenegro (Aleksandra Acimovic Popovic), con quien tuvo una descendencia de dos hijos.<\/p>\n\n\n\n<p>Miguel de la Madrid es de los pocos Presidentes que pasaron por Los Pinos, sin grandes esc\u00e1ndalos familiares, ni separaci\u00f3n de su pareja.<\/p>\n\n\n\n<p>Carlos Salinas de Gortari termin\u00f3 su matrimonio con Cecilia Occelli al final de su gobierno y se cas\u00f3 con Ana Paula Gerard, con quien tuvo m\u00e1s hijos.<\/p>\n\n\n\n<p>Ernesto Zedillo es otro de los Presidentes que inici\u00f3 y termin\u00f3 su sexenio y hasta la fecha con su esposa, Nilda Patricia Velasco.<\/p>\n\n\n\n<p>Vicente Fox fue al rev\u00e9s de los otros personajes. \u00c9l inici\u00f3 su sexenio sin esposa y termin\u00f3 con la actual, Marta Sahag\u00fan.<\/p>\n\n\n\n<p>Felipe Calder\u00f3n se mantiene casado con Margarita Zavala, aunque \u00e9l vive en Madrid y ella en la CDMX, por lo que surgen rumores que hablan de un distanciamiento.<\/p>\n\n\n\n<p>Enrique Pe\u00f1a Nieto lleg\u00f3 a Los Pinos casado y al final termin\u00f3 su matrimonio con Ang\u00e9lica Rivera. El mexiquense est\u00e1 catalogado como el Presidente m\u00e1s fr\u00edvolo de todos.<\/p>\n\n\n\n<p>De Andr\u00e9s Manuel L\u00f3pez Obrador surgen rumores sobre un eventual alejamiento de con su esposa, Beatriz Guti\u00e9rrez, basado en el hecho de que \u00e9l vivir\u00e1 en Palenque y ella se quedar\u00e1 en la CDMX con su hijo menor.<\/p>\n\n\n\n<pre class=\"wp-block-code\"><code>                                                                           \u2026\u2026\u2026\u2026\u2026\u2026\u2026\u2026\u2026\u2026\u2026..<\/code><\/pre>\n\n\n\n<p>Carlos Torres, Leticia Ram\u00edrez y Arturo Zald\u00edvar, har\u00e1n equipo en la oficina de la Presidencia de la Rep\u00fablica, anunci\u00f3 Claudia Sheinbaum.<br>ramonzurita44@hotmail.com<br>ramonzurita44@gmail.com<br>www.revistapersonae.com<br>ramon-zurita.blogspot.com<\/p>\n","protected":false},"excerpt":{"rendered":"<p>De frente y de perfil Ram\u00f3n Zurita Sahag\u00fan Durante d\u00e9cadas se consider\u00f3 que Los Pinos se encontraba hechizado y que sus habitantes sufr\u00edan extra\u00f1as vivencias en su habitar en esa residencia oficial. Eran tantas leyendas alrededor de ese sitio que el Presidente L\u00f3pez Obrador no se quiso ir a vivir ah\u00ed y, por el contrario, [&hellip;]<\/p>\n","protected":false},"author":1,"featured_media":122462,"comment_status":"open","ping_status":"open","sticky":true,"template":"","format":"standard","meta":{"footnotes":""},"categories":[14,12],"tags":[],"_links":{"self":[{"href":"https:\/\/diariodigitalmx.com\/index.php\/wp-json\/wp\/v2\/posts\/122460"}],"collection":[{"href":"https:\/\/diariodigitalmx.com\/index.php\/wp-json\/wp\/v2\/posts"}],"about":[{"href":"https:\/\/diariodigitalmx.com\/index.php\/wp-json\/wp\/v2\/types\/post"}],"author":[{"embeddable":true,"href":"https:\/\/diariodigitalmx.com\/index.php\/wp-json\/wp\/v2\/users\/1"}],"replies":[{"embeddable":true,"href":"https:\/\/diariodigitalmx.com\/index.php\/wp-json\/wp\/v2\/comments?post=122460"}],"version-history":[{"count":1,"href":"https:\/\/diariodigitalmx.com\/index.php\/wp-json\/wp\/v2\/posts\/122460\/revisions"}],"predecessor-version":[{"id":122461,"href":"https:\/\/diariodigitalmx.com\/index.php\/wp-json\/wp\/v2\/posts\/122460\/revisions\/122461"}],"wp:featuredmedia":[{"embeddable":true,"href":"https:\/\/diariodigitalmx.com\/index.php\/wp-json\/wp\/v2\/media\/122462"}],"wp:attachment":[{"href":"https:\/\/diariodigitalmx.com\/index.php\/wp-json\/wp\/v2\/media?parent=122460"}],"wp:term":[{"taxonomy":"category","embeddable":true,"href":"https:\/\/diariodigitalmx.com\/index.php\/wp-json\/wp\/v2\/categories?post=122460"},{"taxonomy":"post_tag","embeddable":true,"href":"https:\/\/diariodigitalmx.com\/index.php\/wp-json\/wp\/v2\/tags?post=122460"}],"curies":[{"name":"wp","href":"https:\/\/api.w.org\/{rel}","templated":true}]}}