{"id":122585,"date":"2024-08-06T16:20:18","date_gmt":"2024-08-06T21:20:18","guid":{"rendered":"https:\/\/diariodigitalmx.com\/?p=122585"},"modified":"2024-08-06T16:22:42","modified_gmt":"2024-08-06T21:22:42","slug":"rescatan-a-hondureno-que-trata-de-lanzarse-de-edificio-luego-lo-detienen-con-droga","status":"publish","type":"post","link":"https:\/\/diariodigitalmx.com\/index.php\/2024\/08\/06\/rescatan-a-hondureno-que-trata-de-lanzarse-de-edificio-luego-lo-detienen-con-droga\/","title":{"rendered":"Rescatan a hondure\u00f1o que trata de lanzarse de edificio; luego lo detienen con droga"},"content":{"rendered":"\n<figure class=\"wp-block-image size-large\"><img loading=\"lazy\" decoding=\"async\" width=\"819\" height=\"1024\" src=\"https:\/\/diariodigitalmx.com\/wp-content\/uploads\/2024\/08\/IMG_20240806_151642_132-819x1024.webp\" alt=\"\" class=\"wp-image-122589\" srcset=\"https:\/\/diariodigitalmx.com\/wp-content\/uploads\/2024\/08\/IMG_20240806_151642_132-819x1024.webp 819w, https:\/\/diariodigitalmx.com\/wp-content\/uploads\/2024\/08\/IMG_20240806_151642_132-240x300.webp 240w, https:\/\/diariodigitalmx.com\/wp-content\/uploads\/2024\/08\/IMG_20240806_151642_132-768x960.webp 768w, https:\/\/diariodigitalmx.com\/wp-content\/uploads\/2024\/08\/IMG_20240806_151642_132.webp 900w\" sizes=\"(max-width: 819px) 100vw, 819px\" \/><\/figure>\n\n\n\n<p>Monterrey . &#8211; Luego de que presuntamente tratara de lanzarse de un edificio del centro de la ciudad, un hombre fue rescatado y detenido por oficiales de la Polic\u00eda de Monterrey, tras 12 horas de labores convencimiento, en coordinaci\u00f3n con los diversos cuerpos de auxilio.<\/p>\n\n\n\n<p>La detenci\u00f3n de Walter E., de 24 a\u00f1os de edad, originario de Honduras, se registr\u00f3 a las 10:30 horas en Juan I. Ram\u00f3n y Escobedo, donde se ubica el edificio Latino.<\/p>\n\n\n\n<figure class=\"wp-block-image size-full\"><img loading=\"lazy\" decoding=\"async\" width=\"526\" height=\"659\" src=\"https:\/\/diariodigitalmx.com\/wp-content\/uploads\/2024\/08\/IMG_20240806_151642_257.webp\" alt=\"\" class=\"wp-image-122591\" srcset=\"https:\/\/diariodigitalmx.com\/wp-content\/uploads\/2024\/08\/IMG_20240806_151642_257.webp 526w, https:\/\/diariodigitalmx.com\/wp-content\/uploads\/2024\/08\/IMG_20240806_151642_257-239x300.webp 239w\" sizes=\"(max-width: 526px) 100vw, 526px\" \/><\/figure>\n\n\n\n<p>Polic\u00edas de Monterrey recibieron desde la noche del lunes, el reporte de que un hombre se encontraba en la parte alta de la Judicatura Federal, e intentaba lanzarse.<\/p>\n\n\n\n<p>Ante el reporte se aproximaron al lugar y tras solicitar apoyo de diferentes cuerpos de rescate, Walter E. decidi\u00f3 subirse al piso 15 del edificio Latino, para evitar ser rescatado.<\/p>\n\n\n\n<figure class=\"wp-block-image size-large\"><img loading=\"lazy\" decoding=\"async\" width=\"820\" height=\"1024\" src=\"https:\/\/diariodigitalmx.com\/wp-content\/uploads\/2024\/08\/IMG_20240806_151642_188-820x1024.webp\" alt=\"\" class=\"wp-image-122594\" srcset=\"https:\/\/diariodigitalmx.com\/wp-content\/uploads\/2024\/08\/IMG_20240806_151642_188-820x1024.webp 820w, https:\/\/diariodigitalmx.com\/wp-content\/uploads\/2024\/08\/IMG_20240806_151642_188-240x300.webp 240w, https:\/\/diariodigitalmx.com\/wp-content\/uploads\/2024\/08\/IMG_20240806_151642_188-768x959.webp 768w, https:\/\/diariodigitalmx.com\/wp-content\/uploads\/2024\/08\/IMG_20240806_151642_188.webp 900w\" sizes=\"(max-width: 820px) 100vw, 820px\" \/><\/figure>\n\n\n\n<p>Durante la noche y hasta la ma\u00f1ana del martes, los oficiales de esta corporaci\u00f3n estuvieron hablando con \u00e9l para evitar que se lanzara al vac\u00edo, pero tras labores de convencimiento, lograron rescatarlo.<\/p>\n\n\n\n<p>Al ponerlo a salvo, los oficiales le realizaron una inspecci\u00f3n encontr\u00e1ndole entre sus pertenencias cinco envoltorios que en su interior conten\u00edan una sustancia s\u00f3lida con las caracter\u00edsticas f\u00edsicas a la droga llamada cristal.<\/p>\n\n\n\n<p>En el rescate participaron elementos de Polic\u00eda y Tr\u00e1nsito de Monterrey, as\u00ed como Protecci\u00f3n Civil del Estado y Municipal.<\/p>\n\n\n\n<p>El hondure\u00f1o fue detenido y trasladado a las instalaciones de la Polic\u00eda de Monterrey, donde qued\u00f3 a disposici\u00f3n de las autoridades competentes.<\/p>\n","protected":false},"excerpt":{"rendered":"<p>Monterrey . &#8211; Luego de que presuntamente tratara de lanzarse de un edificio del centro de la ciudad, un hombre fue rescatado y detenido por oficiales de la Polic\u00eda de Monterrey, tras 12 horas de labores convencimiento, en coordinaci\u00f3n con los diversos cuerpos de auxilio. La detenci\u00f3n de Walter E., de 24 a\u00f1os de edad, [&hellip;]<\/p>\n","protected":false},"author":1,"featured_media":122587,"comment_status":"open","ping_status":"open","sticky":true,"template":"","format":"standard","meta":{"footnotes":""},"categories":[14,7],"tags":[],"_links":{"self":[{"href":"https:\/\/diariodigitalmx.com\/index.php\/wp-json\/wp\/v2\/posts\/122585"}],"collection":[{"href":"https:\/\/diariodigitalmx.com\/index.php\/wp-json\/wp\/v2\/posts"}],"about":[{"href":"https:\/\/diariodigitalmx.com\/index.php\/wp-json\/wp\/v2\/types\/post"}],"author":[{"embeddable":true,"href":"https:\/\/diariodigitalmx.com\/index.php\/wp-json\/wp\/v2\/users\/1"}],"replies":[{"embeddable":true,"href":"https:\/\/diariodigitalmx.com\/index.php\/wp-json\/wp\/v2\/comments?post=122585"}],"version-history":[{"count":4,"href":"https:\/\/diariodigitalmx.com\/index.php\/wp-json\/wp\/v2\/posts\/122585\/revisions"}],"predecessor-version":[{"id":122595,"href":"https:\/\/diariodigitalmx.com\/index.php\/wp-json\/wp\/v2\/posts\/122585\/revisions\/122595"}],"wp:featuredmedia":[{"embeddable":true,"href":"https:\/\/diariodigitalmx.com\/index.php\/wp-json\/wp\/v2\/media\/122587"}],"wp:attachment":[{"href":"https:\/\/diariodigitalmx.com\/index.php\/wp-json\/wp\/v2\/media?parent=122585"}],"wp:term":[{"taxonomy":"category","embeddable":true,"href":"https:\/\/diariodigitalmx.com\/index.php\/wp-json\/wp\/v2\/categories?post=122585"},{"taxonomy":"post_tag","embeddable":true,"href":"https:\/\/diariodigitalmx.com\/index.php\/wp-json\/wp\/v2\/tags?post=122585"}],"curies":[{"name":"wp","href":"https:\/\/api.w.org\/{rel}","templated":true}]}}