{"id":122613,"date":"2024-08-07T08:48:10","date_gmt":"2024-08-07T13:48:10","guid":{"rendered":"https:\/\/diariodigitalmx.com\/?p=122613"},"modified":"2024-08-07T08:48:43","modified_gmt":"2024-08-07T13:48:43","slug":"sheinbaum-el-poder-judicial-y-la-percepcion-de-inseguridad","status":"publish","type":"post","link":"https:\/\/diariodigitalmx.com\/index.php\/2024\/08\/07\/sheinbaum-el-poder-judicial-y-la-percepcion-de-inseguridad\/","title":{"rendered":"Sheinbaum, el Poder Judicial y la percepci\u00f3n de inseguridad"},"content":{"rendered":"\n<p>Por lo Pronto<br>Por Rodin<br>Si bien la reforma al Poder Judicial es un tema delicado y de actualidad que divide al pa\u00eds ya que una parte del electorado institucional y dem\u00f3crata, actualmente combate v\u00eda foros de informaci\u00f3n y algunas marchas ciudadanas el dejar sin efecto las posibles reformas (iniciativas de ley) v\u00eda las c\u00e1maras legislativas. Ya que se argumenta, una \u201cinvasi\u00f3n\u201d del actual Poder Ejecutivo v\u00eda la elecci\u00f3n-votaci\u00f3n de perfiles de profesionistas con parentescos o ligas de supuestos funcionarios de la 4T. Por lo que la moneda est\u00e1 en el aire en qu\u00e9 t\u00e9rminos acabara la redacci\u00f3n del documento final. Sin duda alguna mucho depender\u00e1 de la sabidur\u00eda pol\u00edtica de la primera Presidenta de la Republica en la historia de nuestro pa\u00eds para exigir a los actores pol\u00edticos y sociales que mediante el di\u00e1logo y la raz\u00f3n lleguen a buen puerto. Y no sea \u201cun todo para m\u00ed\u201d.- Nada para ti. -Porque al final del dilema todos sabemos que en el Poder Judicial son m\u00e1s los buenos que los malos. Y no por unos cuantos se debe echar por la borda la carrera judicial de un honesto y brillante servidor p\u00fablico.<br>Por otra parte otro tema que nos preocupa a nivel nacional es la ruta de la percepci\u00f3n de inseguridad p\u00fablica en la mayor\u00eda de los estados de la rep\u00fablica. En el pasado mes de abril- \u201cForbes\u201d a trav\u00e9s de la Encuesta Nacional de Seguridad P\u00fablica Urbana (ENSU) que publico el Instituto Nacional de Estad\u00edstica y Geograf\u00eda (Inegi). Reporto un incremento del 61% correspondiente al primer trimestre del a\u00f1o.<br>Recientemente al mes de julio- la percepci\u00f3n de inseguridad en M\u00e9xico bajo al 59.4% en el segundo trimestre de 2024 seg\u00fan la Encuesta Nacional de Seguridad P\u00fablica Urbana, donde seis de cada 10 habitantes de m\u00e1s de 18 a\u00f1os consideraron inseguro vivir en su ciudad. Si bien los datos arrojan un cambio estad\u00edstico favorable no es del todo aceptable. Por lo que confiamos en que la Presidenta electa Sheinbaum agarre al toro por los cuernos y le exija al experimentado Secretario entrante de Seguridad y Protecci\u00f3n Ciudadana Omar Garc\u00eda Harfuch, desarrollar un trabajo aceptable donde est\u00e9n coordinados la Secretaria de Marina, Secretaria de Defensa, la Guardia Nacional y sobre todo los Gobiernos Estatales. Ya que juntos deben de velar por la seguridad y la tranquilidad de los mexicanos. Cuesti\u00f3n que a la fecha han quedado a deber.<br>Por lo pronto: Recordemos que las encuestas de las casas encuestadoras y medios de comunicaci\u00f3n antes de la elecci\u00f3n presidencial coincid\u00edan en que la seguridad fue la prioridad de los votantes, con cerca de la mitad de encuestados que la mencionaban como su principal preocupaci\u00f3n. Ante ello y la poca informaci\u00f3n que se tiene en materia de la implementaci\u00f3n de pol\u00edticas p\u00fablicas en seguridad, se dice que la Presidenta electa apostara por una estrategia nacional integral de seguridad y de continuidad, tal como se oper\u00f3 en la Ciudad de M\u00e9xico estando ella al frente de la gran capital. Por lo que habremos de estar atentos a nuevas declaraciones sobre el combate a la inseguridad p\u00fablica.<br>\u201cCi stringiamo a voi nel ricordo e nel dolore per una persona che e venuta a mancare troppo presto\u201d<br>+Obed Campos. Comentarios a rodin2511@hotmail.com<\/p>\n","protected":false},"excerpt":{"rendered":"<p>Por lo ProntoPor RodinSi bien la reforma al Poder Judicial es un tema delicado y de actualidad que divide al pa\u00eds ya que una parte del electorado institucional y dem\u00f3crata, actualmente combate v\u00eda foros de informaci\u00f3n y algunas marchas ciudadanas el dejar sin efecto las posibles reformas (iniciativas de ley) v\u00eda las c\u00e1maras legislativas. Ya [&hellip;]<\/p>\n","protected":false},"author":1,"featured_media":122615,"comment_status":"open","ping_status":"open","sticky":true,"template":"","format":"standard","meta":{"footnotes":""},"categories":[14,12],"tags":[],"_links":{"self":[{"href":"https:\/\/diariodigitalmx.com\/index.php\/wp-json\/wp\/v2\/posts\/122613"}],"collection":[{"href":"https:\/\/diariodigitalmx.com\/index.php\/wp-json\/wp\/v2\/posts"}],"about":[{"href":"https:\/\/diariodigitalmx.com\/index.php\/wp-json\/wp\/v2\/types\/post"}],"author":[{"embeddable":true,"href":"https:\/\/diariodigitalmx.com\/index.php\/wp-json\/wp\/v2\/users\/1"}],"replies":[{"embeddable":true,"href":"https:\/\/diariodigitalmx.com\/index.php\/wp-json\/wp\/v2\/comments?post=122613"}],"version-history":[{"count":1,"href":"https:\/\/diariodigitalmx.com\/index.php\/wp-json\/wp\/v2\/posts\/122613\/revisions"}],"predecessor-version":[{"id":122614,"href":"https:\/\/diariodigitalmx.com\/index.php\/wp-json\/wp\/v2\/posts\/122613\/revisions\/122614"}],"wp:featuredmedia":[{"embeddable":true,"href":"https:\/\/diariodigitalmx.com\/index.php\/wp-json\/wp\/v2\/media\/122615"}],"wp:attachment":[{"href":"https:\/\/diariodigitalmx.com\/index.php\/wp-json\/wp\/v2\/media?parent=122613"}],"wp:term":[{"taxonomy":"category","embeddable":true,"href":"https:\/\/diariodigitalmx.com\/index.php\/wp-json\/wp\/v2\/categories?post=122613"},{"taxonomy":"post_tag","embeddable":true,"href":"https:\/\/diariodigitalmx.com\/index.php\/wp-json\/wp\/v2\/tags?post=122613"}],"curies":[{"name":"wp","href":"https:\/\/api.w.org\/{rel}","templated":true}]}}