{"id":122717,"date":"2024-08-12T10:34:07","date_gmt":"2024-08-12T15:34:07","guid":{"rendered":"https:\/\/diariodigitalmx.com\/?p=122717"},"modified":"2024-08-12T10:36:06","modified_gmt":"2024-08-12T15:36:06","slug":"detenida-por-robo-a-joyeria-y-danos","status":"publish","type":"post","link":"https:\/\/diariodigitalmx.com\/index.php\/2024\/08\/12\/detenida-por-robo-a-joyeria-y-danos\/","title":{"rendered":"Detenida por robo a joyer\u00eda y da\u00f1os"},"content":{"rendered":"\n<figure class=\"wp-block-video\"><video controls src=\"http:\/\/diariodigitalmx.com\/wp-content\/uploads\/2024\/08\/VID-20240812-WA0016.mp4\"><\/video><\/figure>\n\n\n\n<p>Una mujer fue detenida por oficiales de la Polic\u00eda de Monterrey, al presuntamente ser sorprendida robando al interior de una joyer\u00eda, en el centro de la ciudad.<\/p>\n\n\n\n<p>Los hechos se registraron a las 06:50 horas en la \u201cJoyer\u00eda Valeria\u201d, ubicada en Cuauht\u00e9moc y Reforma, donde fue capturada Nohem\u00ed M., de 19 a\u00f1os de edad, originaria de Veracruz.<\/p>\n\n\n\n<p>Elementos de la Polic\u00eda de Monterrey realizaban un recorrido de prevenci\u00f3n y vigilancia, cuando personal del C4i4 les reporta sobre la activaci\u00f3n de un bot\u00f3n de alerta en un negocio.<\/p>\n\n\n\n<p>Los uniformados municipales arriban de inmediato, encontrando la cortina de acero cerrada con los candados puestos, pero en ese momento llega el propietario del local, de 28 a\u00f1os de edad.<\/p>\n\n\n\n<p>El due\u00f1o abre el comercio permitiendo el acceso de los polic\u00edas, quienes de manera cautelosa comenzaron a buscar para ver si encontraban alguna persona, localizando escondida a la mujer, logrando detenerla.<\/p>\n\n\n\n<p>Para poder entrar, la presunta, quien al parecer iba con un c\u00f3mplice, da\u00f1\u00f3 una varilla de la azotea y una puerta de madera, por lo que al inspeccionarla, le encontraron tres dos pulseras y una cadena, con un valor total de mil 345 pesos.<\/p>\n\n\n\n<p>Del c\u00f3mplice ya no se pudo obtener mayor informaci\u00f3n, pero ya es investigado por las autoridades si han realizado otros robos en la zona.<\/p>\n\n\n\n<p>La mujer fue trasladada a las instalaciones de la Polic\u00eda de Monterrey, donde qued\u00f3 a disposici\u00f3n del Ministerio P\u00fablico.<\/p>\n","protected":false},"excerpt":{"rendered":"<p>Una mujer fue detenida por oficiales de la Polic\u00eda de Monterrey, al presuntamente ser sorprendida robando al interior de una joyer\u00eda, en el centro de la ciudad. Los hechos se registraron a las 06:50 horas en la \u201cJoyer\u00eda Valeria\u201d, ubicada en Cuauht\u00e9moc y Reforma, donde fue capturada Nohem\u00ed M., de 19 a\u00f1os de edad, originaria [&hellip;]<\/p>\n","protected":false},"author":1,"featured_media":122720,"comment_status":"open","ping_status":"open","sticky":true,"template":"","format":"standard","meta":{"footnotes":""},"categories":[14,7],"tags":[],"_links":{"self":[{"href":"https:\/\/diariodigitalmx.com\/index.php\/wp-json\/wp\/v2\/posts\/122717"}],"collection":[{"href":"https:\/\/diariodigitalmx.com\/index.php\/wp-json\/wp\/v2\/posts"}],"about":[{"href":"https:\/\/diariodigitalmx.com\/index.php\/wp-json\/wp\/v2\/types\/post"}],"author":[{"embeddable":true,"href":"https:\/\/diariodigitalmx.com\/index.php\/wp-json\/wp\/v2\/users\/1"}],"replies":[{"embeddable":true,"href":"https:\/\/diariodigitalmx.com\/index.php\/wp-json\/wp\/v2\/comments?post=122717"}],"version-history":[{"count":2,"href":"https:\/\/diariodigitalmx.com\/index.php\/wp-json\/wp\/v2\/posts\/122717\/revisions"}],"predecessor-version":[{"id":122722,"href":"https:\/\/diariodigitalmx.com\/index.php\/wp-json\/wp\/v2\/posts\/122717\/revisions\/122722"}],"wp:featuredmedia":[{"embeddable":true,"href":"https:\/\/diariodigitalmx.com\/index.php\/wp-json\/wp\/v2\/media\/122720"}],"wp:attachment":[{"href":"https:\/\/diariodigitalmx.com\/index.php\/wp-json\/wp\/v2\/media?parent=122717"}],"wp:term":[{"taxonomy":"category","embeddable":true,"href":"https:\/\/diariodigitalmx.com\/index.php\/wp-json\/wp\/v2\/categories?post=122717"},{"taxonomy":"post_tag","embeddable":true,"href":"https:\/\/diariodigitalmx.com\/index.php\/wp-json\/wp\/v2\/tags?post=122717"}],"curies":[{"name":"wp","href":"https:\/\/api.w.org\/{rel}","templated":true}]}}