{"id":122735,"date":"2024-08-12T11:34:03","date_gmt":"2024-08-12T16:34:03","guid":{"rendered":"https:\/\/diariodigitalmx.com\/?p=122735"},"modified":"2024-08-12T11:37:22","modified_gmt":"2024-08-12T16:37:22","slug":"participa-mijes-en-foro-sobre-la-reforma-a-pensiones","status":"publish","type":"post","link":"https:\/\/diariodigitalmx.com\/index.php\/2024\/08\/12\/participa-mijes-en-foro-sobre-la-reforma-a-pensiones\/","title":{"rendered":"Participa Mijes en foro sobre la reforma a pensiones"},"content":{"rendered":"\n<p>El Alcalde de Escobedo, Andr\u00e9s Mijes particip\u00f3 en la Asamblea Informativa: \u201c\u00a1Retiro Digno, Jubilaciones Justas\u201d que se est\u00e1 promoviendo para garantizar a los trabajadores de todo el pa\u00eds una vejez digna y plena.<\/p>\n\n\n\n<p>Durante el foro informativo de la Reforma de Pensiones 2024 convocado por Clara Luz Flores Carrales, Diputada Electa por el Distrito 3 Federal, Mijes indic\u00f3 que este tipo de reformas son necesarias para respaldar a los ciudadanos.<\/p>\n\n\n\n<figure class=\"wp-block-image size-large\"><img loading=\"lazy\" decoding=\"async\" width=\"1024\" height=\"681\" src=\"https:\/\/diariodigitalmx.com\/wp-content\/uploads\/2024\/08\/IMG-20240811-WA0005-1024x681.jpg\" alt=\"\" class=\"wp-image-122738\" srcset=\"https:\/\/diariodigitalmx.com\/wp-content\/uploads\/2024\/08\/IMG-20240811-WA0005-1024x681.jpg 1024w, https:\/\/diariodigitalmx.com\/wp-content\/uploads\/2024\/08\/IMG-20240811-WA0005-300x199.jpg 300w, https:\/\/diariodigitalmx.com\/wp-content\/uploads\/2024\/08\/IMG-20240811-WA0005-768x511.jpg 768w, https:\/\/diariodigitalmx.com\/wp-content\/uploads\/2024\/08\/IMG-20240811-WA0005.jpg 1280w\" sizes=\"(max-width: 1024px) 100vw, 1024px\" \/><\/figure>\n\n\n\n<p>\u201cEsta reforma, en particular es muy importante precisamente porque beneficiar\u00e1 a todos los ciudadanos, sobre todo a aquellos que han trabajado toda su vida y que lamentablemente se retiran y reciben muy poco dinero de pensi\u00f3n, ahora lo que se busca es generar pensiones dignas que permitan vivir sus \u00faltimos a\u00f1os de su vida con dignidad, pero sobre todo sin la premura econ\u00f3mica\u201d<\/p>\n\n\n\n<figure class=\"wp-block-image size-large\"><img loading=\"lazy\" decoding=\"async\" width=\"1024\" height=\"681\" src=\"https:\/\/diariodigitalmx.com\/wp-content\/uploads\/2024\/08\/IMG-20240811-WA0006-1024x681.jpg\" alt=\"\" class=\"wp-image-122740\" srcset=\"https:\/\/diariodigitalmx.com\/wp-content\/uploads\/2024\/08\/IMG-20240811-WA0006-1024x681.jpg 1024w, https:\/\/diariodigitalmx.com\/wp-content\/uploads\/2024\/08\/IMG-20240811-WA0006-300x199.jpg 300w, https:\/\/diariodigitalmx.com\/wp-content\/uploads\/2024\/08\/IMG-20240811-WA0006-768x511.jpg 768w, https:\/\/diariodigitalmx.com\/wp-content\/uploads\/2024\/08\/IMG-20240811-WA0006.jpg 1280w\" sizes=\"(max-width: 1024px) 100vw, 1024px\" \/><\/figure>\n\n\n\n<p>Mijes refiri\u00f3 que esta reforma es un acto de justicia social y laboral para quienes han trabajado durante toda su vida para reciba una pensi\u00f3n justa y que le ayude a satisfacer sus principales necesidades.<\/p>\n\n\n\n<p>En este foro se cont\u00f3 tambi\u00e9n con la presencia de Clara Luz Flores Carrales, Diputada electa por el Distrito 3 Federal y los expertos en justicia laboral Pedro Caballero, Soraya de Jes\u00fas Izquierdo y Rub\u00e9n Herrera, quienes detallaron en que consiste la Reforma y los beneficios que traer\u00e1 para quienes cotizan a trav\u00e9s del IMSS e ISSSTE.<\/p>\n\n\n\n<p>Cabe precisar que la propuesta contempla que las personas que alcancen su retiro con 30 a\u00f1os de cotizaci\u00f3n para hombres y 28 para mujeres, y hayan cotizado hasta por el monto del promedio del IMSS que es 16 mil pesos, puedan retirarse con el \u00faltimo salario recibido y no con una parte proporcional.<\/p>\n","protected":false},"excerpt":{"rendered":"<p>El Alcalde de Escobedo, Andr\u00e9s Mijes particip\u00f3 en la Asamblea Informativa: \u201c\u00a1Retiro Digno, Jubilaciones Justas\u201d que se est\u00e1 promoviendo para garantizar a los trabajadores de todo el pa\u00eds una vejez digna y plena. Durante el foro informativo de la Reforma de Pensiones 2024 convocado por Clara Luz Flores Carrales, Diputada Electa por el Distrito 3 [&hellip;]<\/p>\n","protected":false},"author":1,"featured_media":122737,"comment_status":"open","ping_status":"open","sticky":true,"template":"","format":"standard","meta":{"footnotes":""},"categories":[14,6],"tags":[],"_links":{"self":[{"href":"https:\/\/diariodigitalmx.com\/index.php\/wp-json\/wp\/v2\/posts\/122735"}],"collection":[{"href":"https:\/\/diariodigitalmx.com\/index.php\/wp-json\/wp\/v2\/posts"}],"about":[{"href":"https:\/\/diariodigitalmx.com\/index.php\/wp-json\/wp\/v2\/types\/post"}],"author":[{"embeddable":true,"href":"https:\/\/diariodigitalmx.com\/index.php\/wp-json\/wp\/v2\/users\/1"}],"replies":[{"embeddable":true,"href":"https:\/\/diariodigitalmx.com\/index.php\/wp-json\/wp\/v2\/comments?post=122735"}],"version-history":[{"count":3,"href":"https:\/\/diariodigitalmx.com\/index.php\/wp-json\/wp\/v2\/posts\/122735\/revisions"}],"predecessor-version":[{"id":122742,"href":"https:\/\/diariodigitalmx.com\/index.php\/wp-json\/wp\/v2\/posts\/122735\/revisions\/122742"}],"wp:featuredmedia":[{"embeddable":true,"href":"https:\/\/diariodigitalmx.com\/index.php\/wp-json\/wp\/v2\/media\/122737"}],"wp:attachment":[{"href":"https:\/\/diariodigitalmx.com\/index.php\/wp-json\/wp\/v2\/media?parent=122735"}],"wp:term":[{"taxonomy":"category","embeddable":true,"href":"https:\/\/diariodigitalmx.com\/index.php\/wp-json\/wp\/v2\/categories?post=122735"},{"taxonomy":"post_tag","embeddable":true,"href":"https:\/\/diariodigitalmx.com\/index.php\/wp-json\/wp\/v2\/tags?post=122735"}],"curies":[{"name":"wp","href":"https:\/\/api.w.org\/{rel}","templated":true}]}}