{"id":122788,"date":"2024-08-14T12:48:06","date_gmt":"2024-08-14T17:48:06","guid":{"rendered":"https:\/\/diariodigitalmx.com\/?p=122788"},"modified":"2024-08-14T12:48:37","modified_gmt":"2024-08-14T17:48:37","slug":"cuidar-la-mochila-de-las-emociones-inicio-de-clases","status":"publish","type":"post","link":"https:\/\/diariodigitalmx.com\/index.php\/2024\/08\/14\/cuidar-la-mochila-de-las-emociones-inicio-de-clases\/","title":{"rendered":"Cuidar la mochila de las emociones; inicio de clases"},"content":{"rendered":"\n<p>El lunes 26 de agosto dar\u00e1 inicio el ciclo escolar 2024-2025 para el sistema de educaci\u00f3n b\u00e1sica que comprende alumnos de preescolar, primaria y secundaria, con un total de 185 d\u00edas de clases; el ciclo concluir\u00e1 el 3 de julio de 2025. A tan pocos d\u00edas de este inicio de clases, los padres de familia est\u00e1n con las \u00faltimas compras de libros, uniformes, zapatos, \u00fatiles escolares y dem\u00e1s material que les piden en las escuelas p\u00fablicas y particulares. Pero algo muy importante que tambi\u00e9n debemos preparar es el entusiasmo de nuestros hijos para este a\u00f1o escolar, la expectativa de saber \u00bfen qu\u00e9 sal\u00f3n les toc\u00f3? \u00bfqui\u00e9nes ser\u00e1n sus maestros y compa\u00f1eros de grupo? en algunos casos podr\u00e1n ser incluso escuela nueva, son emociones que viven en estos momentos. Es conveniente acompa\u00f1ar a los hijos y equiparlos de todo el material escolar necesario, as\u00ed como tambi\u00e9n fortalecer su salud emocional, animarlos y recordarles que tengan confianza, nos platiquen como les va, c\u00f3mo se sienten, qu\u00e9 es lo que m\u00e1s les gusta, o les desagrada de su escuela. Habr\u00e1 probablemente situaciones molestas o inesperadas que les toque vivir, es ah\u00ed donde m\u00e1s nos necesitan. Claro que todo va en proporci\u00f3n a su edad, mientras m\u00e1s peque\u00f1os es m\u00e1s com\u00fan que compartan su d\u00eda al salir de la escuela y todo lo que hicieron, pero aqu\u00ed lo importante que hay que recordar, es cuidar la mochila de las emociones. Que se sientan listos, alegres, seguros de empezar este ciclo escolar.<br>Luz Mar\u00eda Ortiz Quintos<br>Instituto Nacional de Consultor\u00eda Familiar<\/p>\n","protected":false},"excerpt":{"rendered":"<p>El lunes 26 de agosto dar\u00e1 inicio el ciclo escolar 2024-2025 para el sistema de educaci\u00f3n b\u00e1sica que comprende alumnos de preescolar, primaria y secundaria, con un total de 185 d\u00edas de clases; el ciclo concluir\u00e1 el 3 de julio de 2025. A tan pocos d\u00edas de este inicio de clases, los padres de familia [&hellip;]<\/p>\n","protected":false},"author":1,"featured_media":122648,"comment_status":"open","ping_status":"open","sticky":true,"template":"","format":"standard","meta":{"footnotes":""},"categories":[14,12],"tags":[],"_links":{"self":[{"href":"https:\/\/diariodigitalmx.com\/index.php\/wp-json\/wp\/v2\/posts\/122788"}],"collection":[{"href":"https:\/\/diariodigitalmx.com\/index.php\/wp-json\/wp\/v2\/posts"}],"about":[{"href":"https:\/\/diariodigitalmx.com\/index.php\/wp-json\/wp\/v2\/types\/post"}],"author":[{"embeddable":true,"href":"https:\/\/diariodigitalmx.com\/index.php\/wp-json\/wp\/v2\/users\/1"}],"replies":[{"embeddable":true,"href":"https:\/\/diariodigitalmx.com\/index.php\/wp-json\/wp\/v2\/comments?post=122788"}],"version-history":[{"count":1,"href":"https:\/\/diariodigitalmx.com\/index.php\/wp-json\/wp\/v2\/posts\/122788\/revisions"}],"predecessor-version":[{"id":122789,"href":"https:\/\/diariodigitalmx.com\/index.php\/wp-json\/wp\/v2\/posts\/122788\/revisions\/122789"}],"wp:featuredmedia":[{"embeddable":true,"href":"https:\/\/diariodigitalmx.com\/index.php\/wp-json\/wp\/v2\/media\/122648"}],"wp:attachment":[{"href":"https:\/\/diariodigitalmx.com\/index.php\/wp-json\/wp\/v2\/media?parent=122788"}],"wp:term":[{"taxonomy":"category","embeddable":true,"href":"https:\/\/diariodigitalmx.com\/index.php\/wp-json\/wp\/v2\/categories?post=122788"},{"taxonomy":"post_tag","embeddable":true,"href":"https:\/\/diariodigitalmx.com\/index.php\/wp-json\/wp\/v2\/tags?post=122788"}],"curies":[{"name":"wp","href":"https:\/\/api.w.org\/{rel}","templated":true}]}}