{"id":122820,"date":"2024-08-15T12:16:36","date_gmt":"2024-08-15T17:16:36","guid":{"rendered":"https:\/\/diariodigitalmx.com\/?p=122820"},"modified":"2024-08-15T12:26:37","modified_gmt":"2024-08-15T17:26:37","slug":"mijes-en-cumbre-internacional-detalla-innovacion-de-escobedo","status":"publish","type":"post","link":"https:\/\/diariodigitalmx.com\/index.php\/2024\/08\/15\/mijes-en-cumbre-internacional-detalla-innovacion-de-escobedo\/","title":{"rendered":"Mijes en cumbre internacional; detalla innovaci\u00f3n de Escobedo"},"content":{"rendered":"\n<p>El Alcalde Andr\u00e9s Mijes inici\u00f3 este martes su capacitaci\u00f3n en el programa \u201cVisionarios Summit\u201d que organiza la Aceleradora de Ciudades.<\/p>\n\n\n\n<p>Durante el primer d\u00eda del programa, Mijes estableci\u00f3 un intercambio de ideas para reforzar la Innovaci\u00f3n Gubernamental aplicada en Escobedo y que sea de ejemplo para otras ciudades.<\/p>\n\n\n\n<figure class=\"wp-block-image size-large\"><img loading=\"lazy\" decoding=\"async\" width=\"1024\" height=\"768\" src=\"https:\/\/diariodigitalmx.com\/wp-content\/uploads\/2024\/08\/FOTO-2-1024x768.jpeg\" alt=\"\" class=\"wp-image-122824\" srcset=\"https:\/\/diariodigitalmx.com\/wp-content\/uploads\/2024\/08\/FOTO-2-1024x768.jpeg 1024w, https:\/\/diariodigitalmx.com\/wp-content\/uploads\/2024\/08\/FOTO-2-300x225.jpeg 300w, https:\/\/diariodigitalmx.com\/wp-content\/uploads\/2024\/08\/FOTO-2-768x576.jpeg 768w, https:\/\/diariodigitalmx.com\/wp-content\/uploads\/2024\/08\/FOTO-2-1536x1152.jpeg 1536w, https:\/\/diariodigitalmx.com\/wp-content\/uploads\/2024\/08\/FOTO-2.jpeg 1600w\" sizes=\"(max-width: 1024px) 100vw, 1024px\" \/><\/figure>\n\n\n\n<p>\u201cAqu\u00ed estamos para encontrar nuevas ideas, para hacer de Escobedo el mejor Municipio\u201d, expres\u00f3 el Alcalde de Escobedo a trav\u00e9s sus redes sociales antes de iniciar el primer taller en el que particip\u00f3.<\/p>\n\n\n\n<p>En la primera edici\u00f3n de \u201cVisionarios Summit\u201d que se lleva a cabo en la Ciudad de Boston, Massachusetts participan 20 presidentes municipales que hasta el viernes estar\u00e1n capacit\u00e1ndose en temas como seguridad, desarrollo urbano, regeneraci\u00f3n de espacios p\u00fablicos y desarrollo integral.<\/p>\n\n\n\n<p>Adem\u00e1s, en estos espacios, los ediles podr\u00e1n conocer y adoptar las mejores pr\u00e1cticas de gesti\u00f3n municipal, impartidas por los m\u00e1s prestigiosos expertos nacionales e internacionales.<\/p>\n\n\n\n<figure class=\"wp-block-image size-large\"><img loading=\"lazy\" decoding=\"async\" width=\"1024\" height=\"473\" src=\"https:\/\/diariodigitalmx.com\/wp-content\/uploads\/2024\/08\/FOTO-1-1-1024x473.jpeg\" alt=\"\" class=\"wp-image-122826\" srcset=\"https:\/\/diariodigitalmx.com\/wp-content\/uploads\/2024\/08\/FOTO-1-1-1024x473.jpeg 1024w, https:\/\/diariodigitalmx.com\/wp-content\/uploads\/2024\/08\/FOTO-1-1-300x139.jpeg 300w, https:\/\/diariodigitalmx.com\/wp-content\/uploads\/2024\/08\/FOTO-1-1-768x355.jpeg 768w, https:\/\/diariodigitalmx.com\/wp-content\/uploads\/2024\/08\/FOTO-1-1-1536x709.jpeg 1536w, https:\/\/diariodigitalmx.com\/wp-content\/uploads\/2024\/08\/FOTO-1-1.jpeg 1600w\" sizes=\"(max-width: 1024px) 100vw, 1024px\" \/><\/figure>\n\n\n\n<p>Mijes comparti\u00f3 su experiencia como Alcalde y las pol\u00edticas p\u00fablicas que ha establecido para generar un impacto positivo en la comunidad.<\/p>\n\n\n\n<p>\u201cVisionarios Summit\u201d busca que los l\u00edderes municipales lleguen a establecer lazos de colaboraci\u00f3n para establecer las mejores estrategias gubernamentales.<\/p>\n\n\n\n<p>En el foro tantos participan alcaldes electos, as\u00ed como quienes lograron una reelecci\u00f3n.<\/p>\n\n\n\n<p>\u201cVisionarios Summit\u201d busca que los l\u00edderes municipales lleguen a establecer lazos de colaboraci\u00f3n para establecer las mejores estrategias gubernamentales.<\/p>\n\n\n\n<p>Entre los alcaldes y ediles electos de Nuevo Le\u00f3n que participaron en la Cumbre resaltan Davide la Pe\u00f1a Marroqu\u00edn, de Santiago; C\u00e9sar Garza Arredondo, de Apodaca; Miguel Trevi\u00f1o de Hoyos, de San Pedro.<\/p>\n\n\n\n<p>En el foro tambi\u00e9n participaron ediles de municipios como Saltillo, Coahuila; Tecate, Baja California; Zapopan, Jalisco; Canc\u00fan Quintana Roo; Ciudad de M\u00e9xico, Hermosillo, Sonora y Naucalpan, Estado de M\u00e9xico, San Cristobal de las Casas, Chiapas, por mencionar algunos.<\/p>\n","protected":false},"excerpt":{"rendered":"<p>El Alcalde Andr\u00e9s Mijes inici\u00f3 este martes su capacitaci\u00f3n en el programa \u201cVisionarios Summit\u201d que organiza la Aceleradora de Ciudades. Durante el primer d\u00eda del programa, Mijes estableci\u00f3 un intercambio de ideas para reforzar la Innovaci\u00f3n Gubernamental aplicada en Escobedo y que sea de ejemplo para otras ciudades. \u201cAqu\u00ed estamos para encontrar nuevas ideas, para [&hellip;]<\/p>\n","protected":false},"author":1,"featured_media":122823,"comment_status":"open","ping_status":"open","sticky":true,"template":"","format":"standard","meta":{"footnotes":""},"categories":[6,5],"tags":[],"_links":{"self":[{"href":"https:\/\/diariodigitalmx.com\/index.php\/wp-json\/wp\/v2\/posts\/122820"}],"collection":[{"href":"https:\/\/diariodigitalmx.com\/index.php\/wp-json\/wp\/v2\/posts"}],"about":[{"href":"https:\/\/diariodigitalmx.com\/index.php\/wp-json\/wp\/v2\/types\/post"}],"author":[{"embeddable":true,"href":"https:\/\/diariodigitalmx.com\/index.php\/wp-json\/wp\/v2\/users\/1"}],"replies":[{"embeddable":true,"href":"https:\/\/diariodigitalmx.com\/index.php\/wp-json\/wp\/v2\/comments?post=122820"}],"version-history":[{"count":3,"href":"https:\/\/diariodigitalmx.com\/index.php\/wp-json\/wp\/v2\/posts\/122820\/revisions"}],"predecessor-version":[{"id":122827,"href":"https:\/\/diariodigitalmx.com\/index.php\/wp-json\/wp\/v2\/posts\/122820\/revisions\/122827"}],"wp:featuredmedia":[{"embeddable":true,"href":"https:\/\/diariodigitalmx.com\/index.php\/wp-json\/wp\/v2\/media\/122823"}],"wp:attachment":[{"href":"https:\/\/diariodigitalmx.com\/index.php\/wp-json\/wp\/v2\/media?parent=122820"}],"wp:term":[{"taxonomy":"category","embeddable":true,"href":"https:\/\/diariodigitalmx.com\/index.php\/wp-json\/wp\/v2\/categories?post=122820"},{"taxonomy":"post_tag","embeddable":true,"href":"https:\/\/diariodigitalmx.com\/index.php\/wp-json\/wp\/v2\/tags?post=122820"}],"curies":[{"name":"wp","href":"https:\/\/api.w.org\/{rel}","templated":true}]}}