{"id":122863,"date":"2024-08-16T15:42:45","date_gmt":"2024-08-16T20:42:45","guid":{"rendered":"https:\/\/diariodigitalmx.com\/?p=122863"},"modified":"2024-08-16T15:44:11","modified_gmt":"2024-08-16T20:44:11","slug":"refrenda-adrian-compromiso-de-continuar-con-la-vision-monterrey-ideal-2040","status":"publish","type":"post","link":"https:\/\/diariodigitalmx.com\/index.php\/2024\/08\/16\/refrenda-adrian-compromiso-de-continuar-con-la-vision-monterrey-ideal-2040\/","title":{"rendered":"Refrenda Adri\u00e1n compromiso de continuar con la visi\u00f3n Monterrey Ideal 2040"},"content":{"rendered":"\n<p><\/p>\n\n\n\n<p><em>Afirm\u00f3 que el documento es una gu\u00eda para conformar el Plan Municipal de Desarrollo que permitir\u00e1 alcanzar la meta de tener una ciudad con estabilidad y rumbo<\/em><\/p>\n\n\n\n<p>Con el compromiso de darle continuidad al proyecto, este viernes el alcalde electo Adri\u00e1n de la Garza Santos, recibi\u00f3 Plan Estrat\u00e9gico Monterrey 2040\u201d por parte del Consejo Nuevo Le\u00f3n y de la actual administraci\u00f3n municipal.<\/p>\n\n\n\n<p>Durante su campa\u00f1a firm\u00f3 con el Consejo el compromiso para, de llegar al gobierno de la ciudad, seguir trabajando con otros sectores en la conformaci\u00f3n de una capital mejor organizada para los siguientes 15 a\u00f1os.<\/p>\n\n\n\n<p>\u201cHice el compromiso, aqu\u00ed lo estamos refrendando de que vamos a trabajar en ese sentido para darle estabilidad, orden y que no sea que un cambio de una administraci\u00f3n llegue a fracturar alg\u00fan plan, o que llegue a cambiar dr\u00e1sticamente y que los esfuerzos de la administraci\u00f3n saliente, o de otras administraciones y el dinero invertido de los ciudadanos se tira a veces a la basura.<\/p>\n\n\n\n<figure class=\"wp-block-image size-large\"><img loading=\"lazy\" decoding=\"async\" width=\"1024\" height=\"682\" src=\"https:\/\/diariodigitalmx.com\/wp-content\/uploads\/2024\/08\/IMG_20240816_144327_582-1024x682.webp\" alt=\"\" class=\"wp-image-122868\" srcset=\"https:\/\/diariodigitalmx.com\/wp-content\/uploads\/2024\/08\/IMG_20240816_144327_582-1024x682.webp 1024w, https:\/\/diariodigitalmx.com\/wp-content\/uploads\/2024\/08\/IMG_20240816_144327_582-300x200.webp 300w, https:\/\/diariodigitalmx.com\/wp-content\/uploads\/2024\/08\/IMG_20240816_144327_582-768x511.webp 768w, https:\/\/diariodigitalmx.com\/wp-content\/uploads\/2024\/08\/IMG_20240816_144327_582.webp 1080w\" sizes=\"(max-width: 1024px) 100vw, 1024px\" \/><\/figure>\n\n\n\n<p>\u201cNos sirve esta visi\u00f3n de Monterrey Ideal para tambi\u00e9n alinear mucho de nuestro plan estrat\u00e9gico, entonces lo recibimos con mucho agrado, con mucho gusto, con mucho compromiso por supuesto, con la seriedad que merece para poder seguir trabajando en esa ruta\u201d, afirm\u00f3.<\/p>\n\n\n\n<p>De la Garza recibi\u00f3 de manos del Presidente Municipal, Luis Donaldo Colosio dicho plan, donde se plasman las misiones generales que la ciudad necesita por parte del gobierno local para un crecimiento ordenado y sostenible en ejes como vivienda, seguridad, infraestructura para movilidad y muchos otros.<\/p>\n","protected":false},"excerpt":{"rendered":"<p>Afirm\u00f3 que el documento es una gu\u00eda para conformar el Plan Municipal de Desarrollo que permitir\u00e1 alcanzar la meta de tener una ciudad con estabilidad y rumbo Con el compromiso de darle continuidad al proyecto, este viernes el alcalde electo Adri\u00e1n de la Garza Santos, recibi\u00f3 Plan Estrat\u00e9gico Monterrey 2040\u201d por parte del Consejo Nuevo [&hellip;]<\/p>\n","protected":false},"author":1,"featured_media":122865,"comment_status":"open","ping_status":"open","sticky":true,"template":"","format":"standard","meta":{"footnotes":""},"categories":[14,6],"tags":[],"_links":{"self":[{"href":"https:\/\/diariodigitalmx.com\/index.php\/wp-json\/wp\/v2\/posts\/122863"}],"collection":[{"href":"https:\/\/diariodigitalmx.com\/index.php\/wp-json\/wp\/v2\/posts"}],"about":[{"href":"https:\/\/diariodigitalmx.com\/index.php\/wp-json\/wp\/v2\/types\/post"}],"author":[{"embeddable":true,"href":"https:\/\/diariodigitalmx.com\/index.php\/wp-json\/wp\/v2\/users\/1"}],"replies":[{"embeddable":true,"href":"https:\/\/diariodigitalmx.com\/index.php\/wp-json\/wp\/v2\/comments?post=122863"}],"version-history":[{"count":3,"href":"https:\/\/diariodigitalmx.com\/index.php\/wp-json\/wp\/v2\/posts\/122863\/revisions"}],"predecessor-version":[{"id":122869,"href":"https:\/\/diariodigitalmx.com\/index.php\/wp-json\/wp\/v2\/posts\/122863\/revisions\/122869"}],"wp:featuredmedia":[{"embeddable":true,"href":"https:\/\/diariodigitalmx.com\/index.php\/wp-json\/wp\/v2\/media\/122865"}],"wp:attachment":[{"href":"https:\/\/diariodigitalmx.com\/index.php\/wp-json\/wp\/v2\/media?parent=122863"}],"wp:term":[{"taxonomy":"category","embeddable":true,"href":"https:\/\/diariodigitalmx.com\/index.php\/wp-json\/wp\/v2\/categories?post=122863"},{"taxonomy":"post_tag","embeddable":true,"href":"https:\/\/diariodigitalmx.com\/index.php\/wp-json\/wp\/v2\/tags?post=122863"}],"curies":[{"name":"wp","href":"https:\/\/api.w.org\/{rel}","templated":true}]}}