{"id":122878,"date":"2024-08-17T16:43:43","date_gmt":"2024-08-17T21:43:43","guid":{"rendered":"https:\/\/diariodigitalmx.com\/?p=122878"},"modified":"2024-08-17T16:44:31","modified_gmt":"2024-08-17T21:44:31","slug":"anylu-bendicion-coordinadora-de-los-diputados-de-morena-en-el-congreso-local","status":"publish","type":"post","link":"https:\/\/diariodigitalmx.com\/index.php\/2024\/08\/17\/anylu-bendicion-coordinadora-de-los-diputados-de-morena-en-el-congreso-local\/","title":{"rendered":"Anyl\u00fa Bendici\u00f3n, coordinadora de los diputados de Morena en el Congreso local"},"content":{"rendered":"\n<p><br>Por consenso los diputados electos de Morena en el Congreso de Nuevo Le\u00f3n designaron a Anyl\u00fa Bendici\u00f3n Hern\u00e1ndez como su coordinadora de la bancada de Morena.<br>Entre sus principales funciones estar\u00e1 la de asegurar una comunicaci\u00f3n efectiva entre los miembros de la bancada, as\u00ed como la elaboraci\u00f3n y promoci\u00f3n de iniciativas legislativas que respondan a las necesidades y prioridades de los ciudadanos de Nuevo Le\u00f3n.<br>Esta decisi\u00f3n un\u00e1nime refleja la unidad de las y los diputados al proyecto de la cuarta transformaci\u00f3n y el trabajo en equipo para representar los intereses de la ciudadan\u00eda en el Congreso Local y respaldar a la presidenta electa la Dra Claudia Sheinbaum, dice un bolet\u00edn de prensa.<\/p>\n","protected":false},"excerpt":{"rendered":"<p>Por consenso los diputados electos de Morena en el Congreso de Nuevo Le\u00f3n designaron a Anyl\u00fa Bendici\u00f3n Hern\u00e1ndez como su coordinadora de la bancada de Morena.Entre sus principales funciones estar\u00e1 la de asegurar una comunicaci\u00f3n efectiva entre los miembros de la bancada, as\u00ed como la elaboraci\u00f3n y promoci\u00f3n de iniciativas legislativas que respondan a las [&hellip;]<\/p>\n","protected":false},"author":1,"featured_media":122880,"comment_status":"open","ping_status":"open","sticky":true,"template":"","format":"standard","meta":{"footnotes":""},"categories":[14,6],"tags":[],"_links":{"self":[{"href":"https:\/\/diariodigitalmx.com\/index.php\/wp-json\/wp\/v2\/posts\/122878"}],"collection":[{"href":"https:\/\/diariodigitalmx.com\/index.php\/wp-json\/wp\/v2\/posts"}],"about":[{"href":"https:\/\/diariodigitalmx.com\/index.php\/wp-json\/wp\/v2\/types\/post"}],"author":[{"embeddable":true,"href":"https:\/\/diariodigitalmx.com\/index.php\/wp-json\/wp\/v2\/users\/1"}],"replies":[{"embeddable":true,"href":"https:\/\/diariodigitalmx.com\/index.php\/wp-json\/wp\/v2\/comments?post=122878"}],"version-history":[{"count":1,"href":"https:\/\/diariodigitalmx.com\/index.php\/wp-json\/wp\/v2\/posts\/122878\/revisions"}],"predecessor-version":[{"id":122879,"href":"https:\/\/diariodigitalmx.com\/index.php\/wp-json\/wp\/v2\/posts\/122878\/revisions\/122879"}],"wp:featuredmedia":[{"embeddable":true,"href":"https:\/\/diariodigitalmx.com\/index.php\/wp-json\/wp\/v2\/media\/122880"}],"wp:attachment":[{"href":"https:\/\/diariodigitalmx.com\/index.php\/wp-json\/wp\/v2\/media?parent=122878"}],"wp:term":[{"taxonomy":"category","embeddable":true,"href":"https:\/\/diariodigitalmx.com\/index.php\/wp-json\/wp\/v2\/categories?post=122878"},{"taxonomy":"post_tag","embeddable":true,"href":"https:\/\/diariodigitalmx.com\/index.php\/wp-json\/wp\/v2\/tags?post=122878"}],"curies":[{"name":"wp","href":"https:\/\/api.w.org\/{rel}","templated":true}]}}