{"id":122930,"date":"2024-08-19T11:51:03","date_gmt":"2024-08-19T16:51:03","guid":{"rendered":"https:\/\/diariodigitalmx.com\/?p=122930"},"modified":"2024-08-19T11:52:17","modified_gmt":"2024-08-19T16:52:17","slug":"postula-tu-obra-y-se-parte-del-programa-editorial-del-ieepcnl","status":"publish","type":"post","link":"https:\/\/diariodigitalmx.com\/index.php\/2024\/08\/19\/postula-tu-obra-y-se-parte-del-programa-editorial-del-ieepcnl\/","title":{"rendered":"Postula tu obra y s\u00e9 parte del Programa Editorial del IEEPCNL!"},"content":{"rendered":"\n<p><\/p>\n\n\n\n<p>Comparte tu pluma y no te quedes sin postular un proyecto de obra sobre democracia en la convocatoria que tiene el IEEPCNL para integrar su Programa Editorial 2025, que cerrar\u00e1 el pr\u00f3ximo 31 de agosto. \u00a1Tu libro puede ser publicado gratuitamente!<\/p>\n\n\n\n<p>Participa enviando tu texto al correo electr\u00f3nico: <a href=\"mailto:proyectoseditoriales@ieepcnl.mx\">proyectoseditoriales@ieepcnl.mx<\/a> junto con el formato de registro de proyecto, el cual puedes descargar en la p\u00e1gina web del IEEPCNL en la direcci\u00f3n: <a href=\"https:\/\/www.ieepcnl.mx\/educacion\/comite\/FormatoProyectos.docx\">https:\/\/www.ieepcnl.mx\/educacion\/comite\/FormatoProyectos.docx<\/a><\/p>\n\n\n\n<p>Tu obra deber\u00e1 plasmar temas relacionados con democracia, pol\u00edtica, elecciones, derechos humanos, igualdad de g\u00e9nero, diversidad, educaci\u00f3n c\u00edvica, participaci\u00f3n y legalidad.<\/p>\n\n\n\n<p>Adem\u00e1s, puede ir dirigido a p\u00fablicos especializados o no especializados, as\u00ed como a las infancias y juventudes.<\/p>\n\n\n\n<p>Las obras que se registren ser\u00e1n evaluadas por el Comit\u00e9 Editorial del IEEPCNL y se elegir\u00e1n aquellas que cumplan con los Lineamientos Editoriales, para ser publicadas en 2025, a trav\u00e9s de las colecciones editoriales: Texturas, Nodos o Libros de la Anacahuita.<\/p>\n\n\n\n<p>Para m\u00e1s informaci\u00f3n, env\u00eda un correo a: <a href=\"mailto:proyectoseditoriales@ieepcnl.mx\">proyectoseditoriales@ieepcnl.mx<\/a> o marca al tel\u00e9fono: 52 81 1233 1585, entre las 09:00 y 18:00 horas.<\/p>\n\n\n\n<p>Checa la convocatoria completa en:<\/p>\n\n\n\n<p><a href=\"https:\/\/www.ieepcnl.mx\/info\/convocatorias\/editorial\/25\/Invitacion_Programa_Editorial_2025.pdf\">https:\/\/www.ieepcnl.mx\/info\/convocatorias\/editorial\/25\/Invitacion_Programa_Editorial_2025.pdf<\/a><\/p>\n","protected":false},"excerpt":{"rendered":"<p>Comparte tu pluma y no te quedes sin postular un proyecto de obra sobre democracia en la convocatoria que tiene el IEEPCNL para integrar su Programa Editorial 2025, que cerrar\u00e1 el pr\u00f3ximo 31 de agosto. \u00a1Tu libro puede ser publicado gratuitamente! Participa enviando tu texto al correo electr\u00f3nico: proyectoseditoriales@ieepcnl.mx junto con el formato de registro [&hellip;]<\/p>\n","protected":false},"author":1,"featured_media":122932,"comment_status":"open","ping_status":"open","sticky":true,"template":"","format":"standard","meta":{"footnotes":""},"categories":[11,14],"tags":[],"_links":{"self":[{"href":"https:\/\/diariodigitalmx.com\/index.php\/wp-json\/wp\/v2\/posts\/122930"}],"collection":[{"href":"https:\/\/diariodigitalmx.com\/index.php\/wp-json\/wp\/v2\/posts"}],"about":[{"href":"https:\/\/diariodigitalmx.com\/index.php\/wp-json\/wp\/v2\/types\/post"}],"author":[{"embeddable":true,"href":"https:\/\/diariodigitalmx.com\/index.php\/wp-json\/wp\/v2\/users\/1"}],"replies":[{"embeddable":true,"href":"https:\/\/diariodigitalmx.com\/index.php\/wp-json\/wp\/v2\/comments?post=122930"}],"version-history":[{"count":2,"href":"https:\/\/diariodigitalmx.com\/index.php\/wp-json\/wp\/v2\/posts\/122930\/revisions"}],"predecessor-version":[{"id":122933,"href":"https:\/\/diariodigitalmx.com\/index.php\/wp-json\/wp\/v2\/posts\/122930\/revisions\/122933"}],"wp:featuredmedia":[{"embeddable":true,"href":"https:\/\/diariodigitalmx.com\/index.php\/wp-json\/wp\/v2\/media\/122932"}],"wp:attachment":[{"href":"https:\/\/diariodigitalmx.com\/index.php\/wp-json\/wp\/v2\/media?parent=122930"}],"wp:term":[{"taxonomy":"category","embeddable":true,"href":"https:\/\/diariodigitalmx.com\/index.php\/wp-json\/wp\/v2\/categories?post=122930"},{"taxonomy":"post_tag","embeddable":true,"href":"https:\/\/diariodigitalmx.com\/index.php\/wp-json\/wp\/v2\/tags?post=122930"}],"curies":[{"name":"wp","href":"https:\/\/api.w.org\/{rel}","templated":true}]}}