{"id":122974,"date":"2024-08-20T07:24:50","date_gmt":"2024-08-20T12:24:50","guid":{"rendered":"https:\/\/diariodigitalmx.com\/?p=122974"},"modified":"2024-08-20T07:26:44","modified_gmt":"2024-08-20T12:26:44","slug":"presenta-leopoldo-espinosa-su-libro-escuelas-mercados-y-panteones-de-monterrey","status":"publish","type":"post","link":"https:\/\/diariodigitalmx.com\/index.php\/2024\/08\/20\/presenta-leopoldo-espinosa-su-libro-escuelas-mercados-y-panteones-de-monterrey\/","title":{"rendered":"Presenta Leopoldo Espinosa su libro \u201cEscuelas, Mercados y Panteones de Monterrey\u201d"},"content":{"rendered":"\n<p><br>Porque conocer nuestra historia nos permite entender el presente y prepararnos para el futuro, este lunes el cronista de la ciudad, Leopoldo Espinosa Benavides present\u00f3 su libro \u201cEscuelas, mercados y panteones de Monterrey\u201d.<br>El Alcalde Luis Donaldo Colosio elogi\u00f3 el contenido que calific\u00f3 como \u201cun pedazo nuevo de nuestra historia\u201d.<br>Con esta publicaci\u00f3n conmemoramos tambi\u00e9n el 428 aniversario de la fundaci\u00f3n de Monterrey; quiero agradecer a Leopoldo Espinosa Benavides, nuestro cronista de la ciudad de Monterrey, much\u00edsimas gracias Leopoldo, no s\u00f3lo porque has llenado las p\u00e1ginas de nuestra heroica con tus coloridos retratos, sino porque gracias a tu trabajo compartes todos los d\u00edas hallazgos y conocimientos con toda la comunidad regiomontana\u201d, dijo el Mun\u00edcipe.<\/p>\n\n\n\n<figure class=\"wp-block-image size-large\"><img loading=\"lazy\" decoding=\"async\" width=\"1024\" height=\"683\" src=\"https:\/\/diariodigitalmx.com\/wp-content\/uploads\/2024\/08\/IMG_20240820_052436_613-1024x683.webp\" alt=\"\" class=\"wp-image-122977\" srcset=\"https:\/\/diariodigitalmx.com\/wp-content\/uploads\/2024\/08\/IMG_20240820_052436_613-1024x683.webp 1024w, https:\/\/diariodigitalmx.com\/wp-content\/uploads\/2024\/08\/IMG_20240820_052436_613-300x200.webp 300w, https:\/\/diariodigitalmx.com\/wp-content\/uploads\/2024\/08\/IMG_20240820_052436_613-768x512.webp 768w, https:\/\/diariodigitalmx.com\/wp-content\/uploads\/2024\/08\/IMG_20240820_052436_613.webp 1080w\" sizes=\"(max-width: 1024px) 100vw, 1024px\" \/><\/figure>\n\n\n\n<p>Tambi\u00e9n invit\u00f3 a la sociedad en generar a leer el documento que narra c\u00f3mo esta capital se convirti\u00f3 en un centro educativo de clase mundial, tambi\u00e9n explica la evoluci\u00f3n del comercio y los cambios que han sufrido los servicios f\u00fanebres de nuestros seres queridos.<br>Detall\u00f3 que el libro, con una perspectiva hist\u00f3rica y documental, nos permite conocer el desarrollo de Monterrey en estos tres procesos.<br>Describe c\u00f3mo la educaci\u00f3n comenz\u00f3 de manera rudimentaria bajo la influencia de la Corona Espa\u00f1ola y la Iglesia.<br>As\u00ed mismo analiza el cambio en los mercados, que pasaron de expender s\u00f3lo la producci\u00f3n local a importar art\u00edculos internacionales.<br>De igual forma se presentan los ritos funerarios de anta\u00f1o y, la disposici\u00f3n de los cuerpos, enfoc\u00e1ndose en la dignidad y sanidad.<br>El cronista Leopoldo Espinosa Benavides ha destacado en el \u00e1mbito pol\u00edtico, de los medios de comunicaci\u00f3n y de la construcci\u00f3n.<br>Como cronista ha escrito varios libros, siendo el m\u00e1s reciente \u201cEscuelas, mercados y panteones de Monterrey\u201d.<br>En el lugar estuvieron presentes Carlota Vargas, presidenta de Sociedad de Urbanismo Regi\u00f3n Monterrey (Sumarc); Antonio Ramos Revilla, director de la Casa del Libro Universitaria; Betsab\u00e9 Rocha Nieto, Jefa de Gabinete del Gobierno de Monterrey; Zaira S\u00e1enz Mansur, Secretaria de Desarrollo Econ\u00f3mico; Cecilia Irene Ortiz Rivera, Directora General Turismo es Cultura, y Emir Guerrero Ch\u00e1vez, director de Cultura.<\/p>\n","protected":false},"excerpt":{"rendered":"<p>Porque conocer nuestra historia nos permite entender el presente y prepararnos para el futuro, este lunes el cronista de la ciudad, Leopoldo Espinosa Benavides present\u00f3 su libro \u201cEscuelas, mercados y panteones de Monterrey\u201d.El Alcalde Luis Donaldo Colosio elogi\u00f3 el contenido que calific\u00f3 como \u201cun pedazo nuevo de nuestra historia\u201d.Con esta publicaci\u00f3n conmemoramos tambi\u00e9n el 428 [&hellip;]<\/p>\n","protected":false},"author":1,"featured_media":122976,"comment_status":"open","ping_status":"open","sticky":true,"template":"","format":"standard","meta":{"footnotes":""},"categories":[11,14],"tags":[],"_links":{"self":[{"href":"https:\/\/diariodigitalmx.com\/index.php\/wp-json\/wp\/v2\/posts\/122974"}],"collection":[{"href":"https:\/\/diariodigitalmx.com\/index.php\/wp-json\/wp\/v2\/posts"}],"about":[{"href":"https:\/\/diariodigitalmx.com\/index.php\/wp-json\/wp\/v2\/types\/post"}],"author":[{"embeddable":true,"href":"https:\/\/diariodigitalmx.com\/index.php\/wp-json\/wp\/v2\/users\/1"}],"replies":[{"embeddable":true,"href":"https:\/\/diariodigitalmx.com\/index.php\/wp-json\/wp\/v2\/comments?post=122974"}],"version-history":[{"count":2,"href":"https:\/\/diariodigitalmx.com\/index.php\/wp-json\/wp\/v2\/posts\/122974\/revisions"}],"predecessor-version":[{"id":122978,"href":"https:\/\/diariodigitalmx.com\/index.php\/wp-json\/wp\/v2\/posts\/122974\/revisions\/122978"}],"wp:featuredmedia":[{"embeddable":true,"href":"https:\/\/diariodigitalmx.com\/index.php\/wp-json\/wp\/v2\/media\/122976"}],"wp:attachment":[{"href":"https:\/\/diariodigitalmx.com\/index.php\/wp-json\/wp\/v2\/media?parent=122974"}],"wp:term":[{"taxonomy":"category","embeddable":true,"href":"https:\/\/diariodigitalmx.com\/index.php\/wp-json\/wp\/v2\/categories?post=122974"},{"taxonomy":"post_tag","embeddable":true,"href":"https:\/\/diariodigitalmx.com\/index.php\/wp-json\/wp\/v2\/tags?post=122974"}],"curies":[{"name":"wp","href":"https:\/\/api.w.org\/{rel}","templated":true}]}}