{"id":123052,"date":"2024-08-22T07:44:46","date_gmt":"2024-08-22T12:44:46","guid":{"rendered":"https:\/\/diariodigitalmx.com\/?p=123052"},"modified":"2024-08-22T07:45:22","modified_gmt":"2024-08-22T12:45:22","slug":"pero-que-necesidad-samuel","status":"publish","type":"post","link":"https:\/\/diariodigitalmx.com\/index.php\/2024\/08\/22\/pero-que-necesidad-samuel\/","title":{"rendered":"Pero qu\u00e9 necesidad Samuel"},"content":{"rendered":"\n<p>Rodin<br>Por lo pronto<br>Estimado lector, en el transcurso de estos \u00faltimos tres meses me di a la tarea de reflexionar sobre la aguda crisis del agua. Una vez que ya contamos del vital l\u00edquido en las presas de nuestros queridos municipios, le cuento que ya me puedo ba\u00f1ar a casi cualquier hora del d\u00eda, ya que llovi\u00f3 copiosamente, eso me hace feliz y ando rete-contento. Que hasta me dieron ganas de cantar por lo que me avoque a \u2013tararear- aquella pegajosa letra de la canci\u00f3n \u201cPero qu\u00e9 necesidad\u201d de nuestro querido cantautor Alberto Aguilera mejor conocido como Juan Gabriel quien falleciera en el a\u00f1o 2016.<br>Aunque reconozco que no soy bar\u00edtono como lo fue el charro cantor Jorge Negrete, me permit\u00ed agregarle algunas estrofas a la letra para ver si mejoraba mi fon\u00e9tica. Hecho que no sucedi\u00f3. Pero si me di cuenta que la melod\u00eda cae como anillo al dedo al Gobernador emecista Samuel Garc\u00eda en estos dif\u00edciles tiempos pol\u00edticos. Quien cr\u00e9alo o no, su administraci\u00f3n sale de Guatemala para entrar a Guatepeor.<br>Dice la canci\u00f3n del \u00e1lbum \u201cGracias por Esperar\u201d estrenado en 1994 de Universal Music.<br>\u00bfPero qu\u00e9 necesidad? (de crear problemas donde no los hay. Si se hubiera aplicado sabiamente al administrar, Si por lo menos hubiera le\u00eddo a Guedea en el arte de Gobernar).<br>\u00bfPara qu\u00e9 tanto problema? -(basta ya de sufrir Inseguridad p\u00fablica, movilidad, contaminaci\u00f3n, crisis pol\u00edtica, falta de liquidez presupuestal, y caos vial).<br>\u00bfNo hay como la libertad de ser, de estar, de ir?- (es lo que todos los nuevoleoneses queremos, paz, progreso, democracia, y justicia).<br>\u00bfPero qu\u00e9 necesidad?- (de corrupci\u00f3n, esc\u00e1ndalos financieros y notas period\u00edsticas diarias de diferentes colores).<br>\u00bfPara qu\u00e9 tanto problema?- (al pelearse y discutir en lugar de debatir con gran parte de la sociedad entre comerciantes, empresarios, pol\u00edticos diversos, alcaldes, legisladores federales o locales, por lo que no hay beneficio alguno).<br>\u00bfMientras yo le quiero ver feliz?- (siempre: queremos un gobierno con finanzas sanas que trabaje y funcione en armon\u00eda y en un clima de gobernabilidad).<br>Por lo pronto: que necio y prepotente nos sali\u00f3 el joven gober. Ojala pronto entre la cordura y no siga la locura en su interior. No vaya a ser que le caiga un chubasco como aquel que a la letra dice- Pero, mi amigo, \u00bfpor qu\u00e9 est\u00e1s tan triste? Pues, \u00bfc\u00f3mo no?, si me sobra raz\u00f3n.<br>Va un aplauso a los peloteritos de Matamoros Tamps. Que integran la Selecci\u00f3n Mexicana que brilla en el torneo de B\u00e9isbol Williamsport.- Nos seguimos leyendo la pr\u00f3xima semana. Comentarios a:rodin2511@hotmail.com<\/p>\n\n\n\n<p><\/p>\n","protected":false},"excerpt":{"rendered":"<p>RodinPor lo prontoEstimado lector, en el transcurso de estos \u00faltimos tres meses me di a la tarea de reflexionar sobre la aguda crisis del agua. Una vez que ya contamos del vital l\u00edquido en las presas de nuestros queridos municipios, le cuento que ya me puedo ba\u00f1ar a casi cualquier hora del d\u00eda, ya que [&hellip;]<\/p>\n","protected":false},"author":1,"featured_media":123054,"comment_status":"open","ping_status":"open","sticky":true,"template":"","format":"standard","meta":{"footnotes":""},"categories":[12,5],"tags":[],"_links":{"self":[{"href":"https:\/\/diariodigitalmx.com\/index.php\/wp-json\/wp\/v2\/posts\/123052"}],"collection":[{"href":"https:\/\/diariodigitalmx.com\/index.php\/wp-json\/wp\/v2\/posts"}],"about":[{"href":"https:\/\/diariodigitalmx.com\/index.php\/wp-json\/wp\/v2\/types\/post"}],"author":[{"embeddable":true,"href":"https:\/\/diariodigitalmx.com\/index.php\/wp-json\/wp\/v2\/users\/1"}],"replies":[{"embeddable":true,"href":"https:\/\/diariodigitalmx.com\/index.php\/wp-json\/wp\/v2\/comments?post=123052"}],"version-history":[{"count":1,"href":"https:\/\/diariodigitalmx.com\/index.php\/wp-json\/wp\/v2\/posts\/123052\/revisions"}],"predecessor-version":[{"id":123053,"href":"https:\/\/diariodigitalmx.com\/index.php\/wp-json\/wp\/v2\/posts\/123052\/revisions\/123053"}],"wp:featuredmedia":[{"embeddable":true,"href":"https:\/\/diariodigitalmx.com\/index.php\/wp-json\/wp\/v2\/media\/123054"}],"wp:attachment":[{"href":"https:\/\/diariodigitalmx.com\/index.php\/wp-json\/wp\/v2\/media?parent=123052"}],"wp:term":[{"taxonomy":"category","embeddable":true,"href":"https:\/\/diariodigitalmx.com\/index.php\/wp-json\/wp\/v2\/categories?post=123052"},{"taxonomy":"post_tag","embeddable":true,"href":"https:\/\/diariodigitalmx.com\/index.php\/wp-json\/wp\/v2\/tags?post=123052"}],"curies":[{"name":"wp","href":"https:\/\/api.w.org\/{rel}","templated":true}]}}