{"id":123119,"date":"2024-08-25T22:19:57","date_gmt":"2024-08-26T03:19:57","guid":{"rendered":"https:\/\/diariodigitalmx.com\/?p=123119"},"modified":"2024-08-25T22:26:45","modified_gmt":"2024-08-26T03:26:45","slug":"realizan14va-carrera-fuerza-laboral","status":"publish","type":"post","link":"https:\/\/diariodigitalmx.com\/index.php\/2024\/08\/25\/realizan14va-carrera-fuerza-laboral\/","title":{"rendered":"Realizan14va Carrera Fuerza Laboral"},"content":{"rendered":"\n<p><br>La Confederaci\u00f3n de Trabajadores de M\u00e9xico (CTM) en Nuevo Le\u00f3n celebr\u00f3 la XIV edici\u00f3n de la Carrera Fuerza Laboral, una tradici\u00f3n que anualmente re\u00fane a miles de corredores.<br>Alrededor de 3 mil 800 participantes de todas las edades se congregaron en el Monumento al Obrero, en la intersecci\u00f3n de las calles Juan Zuazua y Padre Mier, para iniciar la competencia con la asistencia de Ismael Flores, l\u00edder de la CTM estatal.<br>Los corredores recorrieron una ruta que parti\u00f3 desde Zuazua, avanzando hasta la avenida Morones Prieto y regresando al punto de inicio.<br>En la categor\u00eda de 5 kil\u00f3metros, las ganadoras en la rama femenil fueron Daniela Le\u00f3n Guajardo, Valeri Michel Pachicano Mej\u00eda y Alejandra Milagros Gallegos Balderas, con tiempos de 10, 20 y 21 minutos, respectivamente. En la divisi\u00f3n varonil, los triunfadores fueron Erick Osiris Zerme\u00f1o Morales, Jos\u00e9 Luis C\u00e1rdenas Herrera y Carlos Enrique Quintana V\u00e1zquez, quienes lograron cruzar la meta con tiempos de 16 y 17 minutos.<\/p>\n\n\n\n<figure class=\"wp-block-image size-large\"><img loading=\"lazy\" decoding=\"async\" width=\"1024\" height=\"683\" src=\"https:\/\/diariodigitalmx.com\/wp-content\/uploads\/2024\/08\/IMG_3486-copia-1024x683.jpg\" alt=\"\" class=\"wp-image-123124\" srcset=\"https:\/\/diariodigitalmx.com\/wp-content\/uploads\/2024\/08\/IMG_3486-copia-1024x683.jpg 1024w, https:\/\/diariodigitalmx.com\/wp-content\/uploads\/2024\/08\/IMG_3486-copia-300x200.jpg 300w, https:\/\/diariodigitalmx.com\/wp-content\/uploads\/2024\/08\/IMG_3486-copia-768x512.jpg 768w, https:\/\/diariodigitalmx.com\/wp-content\/uploads\/2024\/08\/IMG_3486-copia-1536x1024.jpg 1536w, https:\/\/diariodigitalmx.com\/wp-content\/uploads\/2024\/08\/IMG_3486-copia-2048x1365.jpg 2048w\" sizes=\"(max-width: 1024px) 100vw, 1024px\" \/><\/figure>\n\n\n\n<p>En la categor\u00eda general de 10 kil\u00f3metros, las ganadoras en la rama femenil fueron Sara Ram\u00edrez Alvarado, Nancy Juandiego Villanueva y Claudia Ambely Leal Rosales, quienes completaron el recorrido en 37 y 38 minutos. Mientras que, en la varonil, los vencedores fueron Milton Flores Gonz\u00e1lez, Francisco Alberto Pachicano y Ernesto Irai Galv\u00e1n Leal, con tiempos de 32 y 33 minutos.<\/p>\n\n\n\n<figure class=\"wp-block-image size-large\"><img loading=\"lazy\" decoding=\"async\" width=\"1024\" height=\"683\" src=\"https:\/\/diariodigitalmx.com\/wp-content\/uploads\/2024\/08\/OK-.DSC_0760-1024x683.jpg\" alt=\"\" class=\"wp-image-123126\" srcset=\"https:\/\/diariodigitalmx.com\/wp-content\/uploads\/2024\/08\/OK-.DSC_0760-1024x683.jpg 1024w, https:\/\/diariodigitalmx.com\/wp-content\/uploads\/2024\/08\/OK-.DSC_0760-300x200.jpg 300w, https:\/\/diariodigitalmx.com\/wp-content\/uploads\/2024\/08\/OK-.DSC_0760-768x512.jpg 768w, https:\/\/diariodigitalmx.com\/wp-content\/uploads\/2024\/08\/OK-.DSC_0760-1536x1024.jpg 1536w, https:\/\/diariodigitalmx.com\/wp-content\/uploads\/2024\/08\/OK-.DSC_0760-2048x1365.jpg 2048w\" sizes=\"(max-width: 1024px) 100vw, 1024px\" \/><\/figure>\n\n\n\n<p>La prueba de 10 kil\u00f3metros estuvo dividida en siete categor\u00edas por edad: 19 a\u00f1os y menores, 20 a 29 a\u00f1os, 30 a 39 a\u00f1os, 40 a 49 a\u00f1os, 50 a 59 a\u00f1os, 60 a 69 a\u00f1os y 70 a\u00f1os y mayores.<br>Adem\u00e1s, se llevaron a cabo pruebas infantiles, con distancias de 400 metros y 1 kil\u00f3metro, para los grupos de 7 y 8 a\u00f1os, 9 y 10 a\u00f1os, 11 y 12 a\u00f1os, y 13 y 14 a\u00f1os.<\/p>\n\n\n\n<p>El evento, que se ha consolidado como una tradici\u00f3n anual, tiene como objetivo promover la salud, el deporte y la resiliencia, adem\u00e1s de rendir homenaje a la fuerza laboral del pa\u00eds y del estado, reafirmando as\u00ed el compromiso de la CTM con la comunidad trabajadora.<br>\u201cCada a\u00f1o participamos en esta carrera. Nos preparamos con todo el equipo. Ya llevamos varias ediciones viniendo aqu\u00ed. Nos gusta mucho venir y vivir la experiencia. Nos vemos en la siguiente Carrera de Fuerza Laboral\u201d, expres\u00f3 una de las competidoras.<\/p>\n\n\n\n<figure class=\"wp-block-image size-large\"><img loading=\"lazy\" decoding=\"async\" width=\"1024\" height=\"683\" src=\"https:\/\/diariodigitalmx.com\/wp-content\/uploads\/2024\/08\/OK-IMG_7729-1024x683.jpg\" alt=\"\" class=\"wp-image-123127\" srcset=\"https:\/\/diariodigitalmx.com\/wp-content\/uploads\/2024\/08\/OK-IMG_7729-1024x683.jpg 1024w, https:\/\/diariodigitalmx.com\/wp-content\/uploads\/2024\/08\/OK-IMG_7729-300x200.jpg 300w, https:\/\/diariodigitalmx.com\/wp-content\/uploads\/2024\/08\/OK-IMG_7729-768x512.jpg 768w, https:\/\/diariodigitalmx.com\/wp-content\/uploads\/2024\/08\/OK-IMG_7729-1536x1024.jpg 1536w, https:\/\/diariodigitalmx.com\/wp-content\/uploads\/2024\/08\/OK-IMG_7729.jpg 1620w\" sizes=\"(max-width: 1024px) 100vw, 1024px\" \/><\/figure>\n\n\n\n<p>Los ganadores de la competencia general de 10 kil\u00f3metros, tanto en la rama femenil como en la varonil, recibieron premios de 3 mil pesos para el primer lugar, 2 mil pesos para el segundo lugar, y 1,500 pesos para el tercer lugar.<\/p>\n\n\n\n<figure class=\"wp-block-gallery has-nested-images columns-default is-cropped wp-block-gallery-1 is-layout-flex wp-block-gallery-is-layout-flex\">\n<figure class=\"wp-block-image size-large\"><img loading=\"lazy\" decoding=\"async\" width=\"1024\" height=\"683\" data-id=\"123130\" src=\"https:\/\/diariodigitalmx.com\/wp-content\/uploads\/2024\/08\/OK-IMG_7808-1024x683.jpg\" alt=\"\" class=\"wp-image-123130\" srcset=\"https:\/\/diariodigitalmx.com\/wp-content\/uploads\/2024\/08\/OK-IMG_7808-1024x683.jpg 1024w, https:\/\/diariodigitalmx.com\/wp-content\/uploads\/2024\/08\/OK-IMG_7808-300x200.jpg 300w, https:\/\/diariodigitalmx.com\/wp-content\/uploads\/2024\/08\/OK-IMG_7808-768x512.jpg 768w, https:\/\/diariodigitalmx.com\/wp-content\/uploads\/2024\/08\/OK-IMG_7808-1536x1024.jpg 1536w, https:\/\/diariodigitalmx.com\/wp-content\/uploads\/2024\/08\/OK-IMG_7808-2048x1365.jpg 2048w\" sizes=\"(max-width: 1024px) 100vw, 1024px\" \/><\/figure>\n\n\n\n<figure class=\"wp-block-image size-large\"><img loading=\"lazy\" decoding=\"async\" width=\"1024\" height=\"683\" data-id=\"123131\" src=\"https:\/\/diariodigitalmx.com\/wp-content\/uploads\/2024\/08\/OK-IMG_7728-1024x683.jpg\" alt=\"\" class=\"wp-image-123131\" srcset=\"https:\/\/diariodigitalmx.com\/wp-content\/uploads\/2024\/08\/OK-IMG_7728-1024x683.jpg 1024w, https:\/\/diariodigitalmx.com\/wp-content\/uploads\/2024\/08\/OK-IMG_7728-300x200.jpg 300w, https:\/\/diariodigitalmx.com\/wp-content\/uploads\/2024\/08\/OK-IMG_7728-768x512.jpg 768w, https:\/\/diariodigitalmx.com\/wp-content\/uploads\/2024\/08\/OK-IMG_7728-1536x1024.jpg 1536w, https:\/\/diariodigitalmx.com\/wp-content\/uploads\/2024\/08\/OK-IMG_7728-2048x1365.jpg 2048w\" sizes=\"(max-width: 1024px) 100vw, 1024px\" \/><\/figure>\n<\/figure>\n\n\n\n<p>Durante el evento, los participantes disfrutaron de un calentamiento dirigido por una instructora deportiva, una rifa abierta a todos los competidores, y la presentaci\u00f3n en vivo de un grupo musical.<br><\/p>\n","protected":false},"excerpt":{"rendered":"<p>La Confederaci\u00f3n de Trabajadores de M\u00e9xico (CTM) en Nuevo Le\u00f3n celebr\u00f3 la XIV edici\u00f3n de la Carrera Fuerza Laboral, una tradici\u00f3n que anualmente re\u00fane a miles de corredores.Alrededor de 3 mil 800 participantes de todas las edades se congregaron en el Monumento al Obrero, en la intersecci\u00f3n de las calles Juan Zuazua y Padre Mier, [&hellip;]<\/p>\n","protected":false},"author":1,"featured_media":123123,"comment_status":"open","ping_status":"open","sticky":true,"template":"","format":"standard","meta":{"footnotes":""},"categories":[8,14],"tags":[],"_links":{"self":[{"href":"https:\/\/diariodigitalmx.com\/index.php\/wp-json\/wp\/v2\/posts\/123119"}],"collection":[{"href":"https:\/\/diariodigitalmx.com\/index.php\/wp-json\/wp\/v2\/posts"}],"about":[{"href":"https:\/\/diariodigitalmx.com\/index.php\/wp-json\/wp\/v2\/types\/post"}],"author":[{"embeddable":true,"href":"https:\/\/diariodigitalmx.com\/index.php\/wp-json\/wp\/v2\/users\/1"}],"replies":[{"embeddable":true,"href":"https:\/\/diariodigitalmx.com\/index.php\/wp-json\/wp\/v2\/comments?post=123119"}],"version-history":[{"count":3,"href":"https:\/\/diariodigitalmx.com\/index.php\/wp-json\/wp\/v2\/posts\/123119\/revisions"}],"predecessor-version":[{"id":123132,"href":"https:\/\/diariodigitalmx.com\/index.php\/wp-json\/wp\/v2\/posts\/123119\/revisions\/123132"}],"wp:featuredmedia":[{"embeddable":true,"href":"https:\/\/diariodigitalmx.com\/index.php\/wp-json\/wp\/v2\/media\/123123"}],"wp:attachment":[{"href":"https:\/\/diariodigitalmx.com\/index.php\/wp-json\/wp\/v2\/media?parent=123119"}],"wp:term":[{"taxonomy":"category","embeddable":true,"href":"https:\/\/diariodigitalmx.com\/index.php\/wp-json\/wp\/v2\/categories?post=123119"},{"taxonomy":"post_tag","embeddable":true,"href":"https:\/\/diariodigitalmx.com\/index.php\/wp-json\/wp\/v2\/tags?post=123119"}],"curies":[{"name":"wp","href":"https:\/\/api.w.org\/{rel}","templated":true}]}}