{"id":123145,"date":"2024-08-26T13:41:50","date_gmt":"2024-08-26T18:41:50","guid":{"rendered":"https:\/\/diariodigitalmx.com\/?p=123145"},"modified":"2024-08-26T13:43:08","modified_gmt":"2024-08-26T18:43:08","slug":"politica-y-gente-116","status":"publish","type":"post","link":"https:\/\/diariodigitalmx.com\/index.php\/2024\/08\/26\/politica-y-gente-116\/","title":{"rendered":"Pol\u00edtica y gente"},"content":{"rendered":"\n<figure class=\"wp-block-image size-large\"><img loading=\"lazy\" decoding=\"async\" width=\"1024\" height=\"768\" src=\"https:\/\/diariodigitalmx.com\/wp-content\/uploads\/2024\/08\/453977532_7299248200107343_7461880995655474722_n-1024x768.jpg\" alt=\"\" class=\"wp-image-123148\" srcset=\"https:\/\/diariodigitalmx.com\/wp-content\/uploads\/2024\/08\/453977532_7299248200107343_7461880995655474722_n-1024x768.jpg 1024w, https:\/\/diariodigitalmx.com\/wp-content\/uploads\/2024\/08\/453977532_7299248200107343_7461880995655474722_n-300x225.jpg 300w, https:\/\/diariodigitalmx.com\/wp-content\/uploads\/2024\/08\/453977532_7299248200107343_7461880995655474722_n-768x576.jpg 768w, https:\/\/diariodigitalmx.com\/wp-content\/uploads\/2024\/08\/453977532_7299248200107343_7461880995655474722_n.jpg 1080w\" sizes=\"(max-width: 1024px) 100vw, 1024px\" \/><\/figure>\n\n\n\n<p>Por Pedro Garc\u00eda<\/p>\n\n\n\n<p>El gobierno a punto de concluir del presidente L\u00f3pez Obrador se ha caracterizado por el respeto a la&nbsp;&nbsp;autonom\u00eda de los sindicatos y el impulso a los trabajadores para que ejerzan su libertad, por ejemplo, en la elecci\u00f3n de sus dirigentes.<\/p>\n\n\n\n<p>AMLO estableci\u00f3 que en su gobierno los trabajadores ser\u00edan libres y los llam\u00f3 a usar esa libertad para conducir su destino.<\/p>\n\n\n\n<p>Sirva esta introducci\u00f3n para comentar la elecci\u00f3n, para un segundo periodo, de Armando Ju\u00e1rez Olvera como secretario general de la Secci\u00f3n 19 del Sindicato de Trabajadores Ferrocarrileros de la Rep\u00fablica Mexicana (STFRM), este domingo, 25 de agosto, jornada ocurrida con mucha participaci\u00f3n, prolongada durante todo el d\u00eda, con el resultado arrasador a favor del joven dirigente quien se emplear\u00e1 a fondo en el plazo 2024-2030.<\/p>\n\n\n\n<p>A la vez, los rieleros eligieron nuevamente a V\u00edctor Flores Morales como l\u00edder nacional quien en la noche felicit\u00f3 v\u00eda telef\u00f3nica, a los ferrocarrileros de Monterrey por la jornada electoral transcurrida en calma y madurez sindical, recibiendo aclamaciones de sus compa\u00f1eros de Monterrey por la gesti\u00f3n que&nbsp;&nbsp;ha realizado \u201cDon V\u00edctor\u201d, como se refieren a \u00e9l, con muchos beneficios en salarios y prestaciones. Las esperanzas se renuevan para los siguientes seis a\u00f1os.<\/p>\n\n\n\n<p>Fue una largu\u00edsima jornada. Los pocos&nbsp;&nbsp;reporteros que asistimos nos&nbsp;&nbsp;pasamos m\u00e1s de doce horas cubriendo el proceso donde advertimos una participaci\u00f3n nutrida y entusiasta de todos los ferrocarrileros.<\/p>\n\n\n\n<p>Por lo visto ayer, Armando Ju\u00e1rez Olvera ha cumplido a sus compa\u00f1eros como representante sindical, pues, apenas se oficializ\u00f3 su victoria, la alegr\u00eda estall\u00f3 a las afueras de la sede sindical por la calle Miguel Nieto, donde los rieleros encarnaron un marem\u00e1gnum saludando con gran j\u00fabilo el resultado: \u00a1Ahhhhh\u00a1 \u00a1Lo logramos\u00a1 \u00a1Arriba Armando\u00a1 \u00a1Armando\u00a1 \u00a1Armando\u00a1<\/p>\n\n\n\n<p>Las porras se sucedieron, todos quer\u00edan abrazar (y lo abrazaron) a Armando: \u00a1Armando\u00a1 \u00a1Armando\u00a1 y el siquitibum, que es un&nbsp;&nbsp;cl\u00e1sico entre los rieleros, para su l\u00edder, \u201c una, dos, tres siquitibum\u2026<\/p>\n\n\n\n<p>El gent\u00edo arrop\u00f3 al victorioso que nos pareci\u00f3 un torero como cuando sale por \u201cla puerta grande\u201d, pero, fue puntual para agradecer el apoyo incondicional de la base de rieleros a los que acredit\u00f3 la&nbsp;&nbsp;victoria alcanzada, este domingo: \u00a1ustedes hicieron posible el triunfo\u00a1<\/p>\n\n\n\n<p>-o0o-<\/p>\n\n\n\n<p>Esta columna pol\u00edtica saluda a todos los ni\u00f1os y las ni\u00f1as del sistema escolar por su retorno&nbsp;&nbsp;a las aulas, lo que recuerda nuestros remotos tiempos de&nbsp;&nbsp;escolares cuando tom\u00e1bamos apuntes en un cuadernillo con pastas rojas y la&nbsp;&nbsp;caricatura de un rostro masculino, cachet\u00f3n y calvo, que sonre\u00eda, pero, al cambiar la posici\u00f3n del cuaderno se ve\u00eda notablemente&nbsp;&nbsp;enojado.<\/p>\n\n\n\n<p>L\u00e1piz y cuaderno, un problemario y una o dos libretas. Y a repetir y volver a&nbsp;&nbsp;repetir las tablas de multiplicar, luego las terribles divisiones.<\/p>\n","protected":false},"excerpt":{"rendered":"<p>Por Pedro Garc\u00eda El gobierno a punto de concluir del presidente L\u00f3pez Obrador se ha caracterizado por el respeto a la&nbsp;&nbsp;autonom\u00eda de los sindicatos y el impulso a los trabajadores para que ejerzan su libertad, por ejemplo, en la elecci\u00f3n de sus dirigentes. AMLO estableci\u00f3 que en su gobierno los trabajadores ser\u00edan libres y los [&hellip;]<\/p>\n","protected":false},"author":1,"featured_media":123147,"comment_status":"open","ping_status":"open","sticky":true,"template":"","format":"standard","meta":{"footnotes":""},"categories":[14,12],"tags":[],"_links":{"self":[{"href":"https:\/\/diariodigitalmx.com\/index.php\/wp-json\/wp\/v2\/posts\/123145"}],"collection":[{"href":"https:\/\/diariodigitalmx.com\/index.php\/wp-json\/wp\/v2\/posts"}],"about":[{"href":"https:\/\/diariodigitalmx.com\/index.php\/wp-json\/wp\/v2\/types\/post"}],"author":[{"embeddable":true,"href":"https:\/\/diariodigitalmx.com\/index.php\/wp-json\/wp\/v2\/users\/1"}],"replies":[{"embeddable":true,"href":"https:\/\/diariodigitalmx.com\/index.php\/wp-json\/wp\/v2\/comments?post=123145"}],"version-history":[{"count":2,"href":"https:\/\/diariodigitalmx.com\/index.php\/wp-json\/wp\/v2\/posts\/123145\/revisions"}],"predecessor-version":[{"id":123149,"href":"https:\/\/diariodigitalmx.com\/index.php\/wp-json\/wp\/v2\/posts\/123145\/revisions\/123149"}],"wp:featuredmedia":[{"embeddable":true,"href":"https:\/\/diariodigitalmx.com\/index.php\/wp-json\/wp\/v2\/media\/123147"}],"wp:attachment":[{"href":"https:\/\/diariodigitalmx.com\/index.php\/wp-json\/wp\/v2\/media?parent=123145"}],"wp:term":[{"taxonomy":"category","embeddable":true,"href":"https:\/\/diariodigitalmx.com\/index.php\/wp-json\/wp\/v2\/categories?post=123145"},{"taxonomy":"post_tag","embeddable":true,"href":"https:\/\/diariodigitalmx.com\/index.php\/wp-json\/wp\/v2\/tags?post=123145"}],"curies":[{"name":"wp","href":"https:\/\/api.w.org\/{rel}","templated":true}]}}