{"id":123182,"date":"2024-08-26T19:19:32","date_gmt":"2024-08-27T00:19:32","guid":{"rendered":"https:\/\/diariodigitalmx.com\/?p=123182"},"modified":"2024-08-26T19:21:46","modified_gmt":"2024-08-27T00:21:46","slug":"una-vida-de-la-patada","status":"publish","type":"post","link":"https:\/\/diariodigitalmx.com\/index.php\/2024\/08\/26\/una-vida-de-la-patada\/","title":{"rendered":"Una vida de la patada"},"content":{"rendered":"\n<p><br>Charlas de taberna<br>Marcos H. Valerio<\/p>\n\n\n\n<p>A la edad en la que la mayor\u00eda de los ni\u00f1os est\u00e1n inmersos en juegos y descubrimientos cotidianos, Ruy Javier Rafael encontr\u00f3 su primer contacto con un mundo que cambiar\u00eda su vida para siempre: el kickboxing. Apenas ten\u00eda ocho a\u00f1os cuando su padre lo llev\u00f3 por primera vez a un gimnasio. Lo que comenz\u00f3 como un pasatiempo, una manera de canalizar la energ\u00eda infantil y aprender disciplina, r\u00e1pidamente se transform\u00f3 en una pasi\u00f3n que dar\u00eda forma a su destino.<\/p>\n\n\n\n<p>El joven Ruy no tard\u00f3 en mostrar un talento innato para el deporte. Bajo la tutela de su sensei, Miguel \u00c1ngel, cada golpe, cada patada, y cada movimiento adquirieron una precisi\u00f3n y fuerza que destacaban entre sus compa\u00f1eros. Lo que al principio fue un simple entretenimiento se convirti\u00f3 en una competencia consigo mismo, una b\u00fasqueda constante por mejorar, por ser el mejor.<\/p>\n\n\n\n<figure class=\"wp-block-image size-full\"><img loading=\"lazy\" decoding=\"async\" width=\"720\" height=\"540\" src=\"https:\/\/diariodigitalmx.com\/wp-content\/uploads\/2024\/08\/IMG-20240823-WA0085.jpg\" alt=\"\" class=\"wp-image-123185\" srcset=\"https:\/\/diariodigitalmx.com\/wp-content\/uploads\/2024\/08\/IMG-20240823-WA0085.jpg 720w, https:\/\/diariodigitalmx.com\/wp-content\/uploads\/2024\/08\/IMG-20240823-WA0085-300x225.jpg 300w\" sizes=\"(max-width: 720px) 100vw, 720px\" \/><\/figure>\n\n\n\n<p>A lo largo de los a\u00f1os, Ruy Javier fue acumulando victorias en competencias locales y nacionales. Cada torneo era una oportunidad para demostrar su habilidad, pero tambi\u00e9n su crecimiento personal.<\/p>\n\n\n\n<p>El deporte, para \u00e9l, no solo era una actividad f\u00edsica, sino un camino de autoconocimiento y desarrollo. Su dedicaci\u00f3n y esfuerzo lo llevaron a convertirse en Bicampe\u00f3n Nacional de Kickboxing, un t\u00edtulo que no solo le dio reconocimiento, sino tambi\u00e9n la oportunidad de representar a M\u00e9xico en el pr\u00f3ximo Mundial de Kickboxing en Budapest, Hungr\u00eda, del 24 de agosto al 9 de septiembre.<\/p>\n\n\n\n<figure class=\"wp-block-gallery has-nested-images columns-default is-cropped wp-block-gallery-1 is-layout-flex wp-block-gallery-is-layout-flex\">\n<figure class=\"wp-block-image size-large\"><img loading=\"lazy\" decoding=\"async\" width=\"1024\" height=\"581\" data-id=\"123189\" src=\"https:\/\/diariodigitalmx.com\/wp-content\/uploads\/2024\/08\/IMG-20240823-WA0084-1024x581.jpg\" alt=\"\" class=\"wp-image-123189\" srcset=\"https:\/\/diariodigitalmx.com\/wp-content\/uploads\/2024\/08\/IMG-20240823-WA0084-1024x581.jpg 1024w, https:\/\/diariodigitalmx.com\/wp-content\/uploads\/2024\/08\/IMG-20240823-WA0084-300x170.jpg 300w, https:\/\/diariodigitalmx.com\/wp-content\/uploads\/2024\/08\/IMG-20240823-WA0084-768x436.jpg 768w, https:\/\/diariodigitalmx.com\/wp-content\/uploads\/2024\/08\/IMG-20240823-WA0084-1536x872.jpg 1536w, https:\/\/diariodigitalmx.com\/wp-content\/uploads\/2024\/08\/IMG-20240823-WA0084.jpg 1600w\" sizes=\"(max-width: 1024px) 100vw, 1024px\" \/><\/figure>\n\n\n\n<figure class=\"wp-block-image size-large\"><img loading=\"lazy\" decoding=\"async\" width=\"720\" height=\"960\" data-id=\"123188\" src=\"https:\/\/diariodigitalmx.com\/wp-content\/uploads\/2024\/08\/IMG-20240823-WA0086.jpg\" alt=\"\" class=\"wp-image-123188\" srcset=\"https:\/\/diariodigitalmx.com\/wp-content\/uploads\/2024\/08\/IMG-20240823-WA0086.jpg 720w, https:\/\/diariodigitalmx.com\/wp-content\/uploads\/2024\/08\/IMG-20240823-WA0086-225x300.jpg 225w\" sizes=\"(max-width: 720px) 100vw, 720px\" \/><\/figure>\n\n\n\n<figure class=\"wp-block-image size-large\"><img loading=\"lazy\" decoding=\"async\" width=\"768\" height=\"1024\" data-id=\"123190\" src=\"https:\/\/diariodigitalmx.com\/wp-content\/uploads\/2024\/08\/IMG-20240823-WA0080-768x1024.jpg\" alt=\"\" class=\"wp-image-123190\" srcset=\"https:\/\/diariodigitalmx.com\/wp-content\/uploads\/2024\/08\/IMG-20240823-WA0080-768x1024.jpg 768w, https:\/\/diariodigitalmx.com\/wp-content\/uploads\/2024\/08\/IMG-20240823-WA0080-225x300.jpg 225w, https:\/\/diariodigitalmx.com\/wp-content\/uploads\/2024\/08\/IMG-20240823-WA0080-1152x1536.jpg 1152w, https:\/\/diariodigitalmx.com\/wp-content\/uploads\/2024\/08\/IMG-20240823-WA0080.jpg 1200w\" sizes=\"(max-width: 768px) 100vw, 768px\" \/><\/figure>\n<\/figure>\n\n\n\n<p>A sus 17 a\u00f1os, cursando el tercer semestre en el Colegio de Ciencias y Humanidades (CCH) Naucalpan, Ruy Javier se enfrenta a un reto que muchos solo podr\u00edan so\u00f1ar: representar a su pa\u00eds en una competencia internacional.<\/p>\n\n\n\n<p>\u201cEs un orgullo poder representar a M\u00e9xico y al CCH Naucalpan en una competencia muy importante\u201d, comenta con una sonrisa que refleja tanto felicidad como determinaci\u00f3n. Su mirada est\u00e1 fija en el primer lugar, pero m\u00e1s all\u00e1 de los trofeos, Ruy busca demostrar que los sue\u00f1os pueden alcanzarse con esfuerzo y dedicaci\u00f3n.<\/p>\n\n\n\n<figure class=\"wp-block-image size-large\"><img loading=\"lazy\" decoding=\"async\" width=\"1024\" height=\"633\" src=\"https:\/\/diariodigitalmx.com\/wp-content\/uploads\/2024\/08\/IMG-20240823-WA0083-1024x633.jpg\" alt=\"\" class=\"wp-image-123193\" srcset=\"https:\/\/diariodigitalmx.com\/wp-content\/uploads\/2024\/08\/IMG-20240823-WA0083-1024x633.jpg 1024w, https:\/\/diariodigitalmx.com\/wp-content\/uploads\/2024\/08\/IMG-20240823-WA0083-300x185.jpg 300w, https:\/\/diariodigitalmx.com\/wp-content\/uploads\/2024\/08\/IMG-20240823-WA0083-768x475.jpg 768w, https:\/\/diariodigitalmx.com\/wp-content\/uploads\/2024\/08\/IMG-20240823-WA0083-1536x949.jpg 1536w, https:\/\/diariodigitalmx.com\/wp-content\/uploads\/2024\/08\/IMG-20240823-WA0083.jpg 1600w\" sizes=\"(max-width: 1024px) 100vw, 1024px\" \/><\/figure>\n\n\n\n<p>El camino hacia el \u00e9xito de Ruy no ha sido f\u00e1cil. El kickboxing le ha ense\u00f1ado mucho m\u00e1s que a defenderse en el ring; le ha inculcado valores que lleva consigo en cada aspecto de su vida.<\/p>\n\n\n\n<p>\u201cHay una mala percepci\u00f3n de los deportes de contacto. Muchas veces la sociedad se queda con la idea de que solo son golpes, pero te dan disciplina, responsabilidad y humildad. Son cosas que traspasan el \u00e1mbito deportivo y se van a lo personal\u201d, reflexiona. Para \u00e9l, el deporte ha sido una escuela de vida, una fuente de aprendizaje que lo ha moldeado como persona.<\/p>\n\n\n\n<p>La rutina diaria de Ruy es un testimonio de su compromiso. Vive en Tultepec, Estado de M\u00e9xico, un municipio a m\u00e1s de una hora de distancia del CCH Naucalpan.<\/p>\n\n\n\n<p>Su d\u00eda comienza a las 4:30 de la ma\u00f1ana, cuando se levanta para tomar el transporte que lo llevar\u00e1 a sus clases. Despu\u00e9s de un d\u00eda de estudios, regresa a su hogar solo para cambiarse e ir al gimnasio, donde entrena intensamente durante dos o tres horas.<\/p>\n\n\n\n<p>Al final del d\u00eda, a\u00fan le queda energ\u00eda para completar sus tareas escolares. Es un ciclo agotador, pero uno que Ruy abraza con entusiasmo porque sabe que cada sacrificio lo acerca a sus metas.<\/p>\n\n\n\n<p>Adem\u00e1s del entrenamiento f\u00edsico, Ruy ha aprendido la importancia de la preparaci\u00f3n mental. \u201cEs necesario calmar los nervios antes de un combate, salir con la mentalidad de darlo todo, no confiar en que hay rival peque\u00f1o y cuando las cosas no salgan en el combate, no decaer y seguir hasta el final\u201d, explica. Para \u00e9l, la fortaleza mental es tan crucial como la habilidad f\u00edsica, y es un aspecto que trabaja con tanta dedicaci\u00f3n como su t\u00e9cnica en el ring.<\/p>\n\n\n\n<p>El futuro de Ruy es tan prometedor como su presente. Aunque sue\u00f1a con continuar su carrera en el kickboxing, tambi\u00e9n piensa en otras pasiones. \u201cEn un futuro quisiera ser odont\u00f3logo, porque mis padres lo son y ciertamente estoy algo familiarizado con el tema. Pero tampoco descarto estudiar psicolog\u00eda, la idea de analizar la mente es algo que me da curiosidad\u201d, comparte. Ruy es un joven con los pies en la tierra, consciente de que la vida ofrece m\u00faltiples caminos y dispuesto a explorar cada uno de ellos.<\/p>\n\n\n\n<p>Mientras se prepara para el Mundial en Budapest, Ruy Javier Rafael no solo se enfrenta a sus oponentes en el ring, sino tambi\u00e9n a sus propias limitaciones, desafi\u00e1ndose a s\u00ed mismo a ser mejor cada d\u00eda.<\/p>\n\n\n\n<p>Su historia es una de determinaci\u00f3n, de sacrificio, y de una profunda convicci\u00f3n de que, con trabajo duro y pasi\u00f3n, los sue\u00f1os pueden convertirse en realidad. Para \u00e9l, el kickboxing es m\u00e1s que un deporte; es una forma de vida que lo ha guiado hacia el \u00e9xito, y que, sin duda, lo seguir\u00e1 acompa\u00f1ando en su camino hacia un futuro lleno de posibilidades.<\/p>\n\n\n\n<p>Al referirse a su entrenador Miguel \u00c1ngel, Ruy \u00fanicamente tiene palabras de agradecimiento. Si bien el CCH Naucalpan y sus padres han sido fundamentales apoy\u00e1ndolo, \u00e9l reconoce que su profesor ha tenido una gran influencia y lo ha sabido guiar en este arduo camino.<\/p>\n\n\n\n<p>\u201cHe convivido con \u00e9l ya casi media vida. Entonces me ha dejado much\u00edsimos aprendizajes y valores. Es una persona importante en mi vida porque a trav\u00e9s del deporte ha influido positivamente en m\u00ed. Sobre todo me ha mantenido humilde, en el sentido de decirme que a pesar de los triunfos siempre hay algo que aprender y no sentirme superior a nadie\u201d, se\u00f1al\u00f3.<\/p>\n","protected":false},"excerpt":{"rendered":"<p>Charlas de tabernaMarcos H. Valerio A la edad en la que la mayor\u00eda de los ni\u00f1os est\u00e1n inmersos en juegos y descubrimientos cotidianos, Ruy Javier Rafael encontr\u00f3 su primer contacto con un mundo que cambiar\u00eda su vida para siempre: el kickboxing. Apenas ten\u00eda ocho a\u00f1os cuando su padre lo llev\u00f3 por primera vez a un [&hellip;]<\/p>\n","protected":false},"author":1,"featured_media":123184,"comment_status":"open","ping_status":"open","sticky":true,"template":"","format":"standard","meta":{"footnotes":""},"categories":[8,14],"tags":[],"_links":{"self":[{"href":"https:\/\/diariodigitalmx.com\/index.php\/wp-json\/wp\/v2\/posts\/123182"}],"collection":[{"href":"https:\/\/diariodigitalmx.com\/index.php\/wp-json\/wp\/v2\/posts"}],"about":[{"href":"https:\/\/diariodigitalmx.com\/index.php\/wp-json\/wp\/v2\/types\/post"}],"author":[{"embeddable":true,"href":"https:\/\/diariodigitalmx.com\/index.php\/wp-json\/wp\/v2\/users\/1"}],"replies":[{"embeddable":true,"href":"https:\/\/diariodigitalmx.com\/index.php\/wp-json\/wp\/v2\/comments?post=123182"}],"version-history":[{"count":4,"href":"https:\/\/diariodigitalmx.com\/index.php\/wp-json\/wp\/v2\/posts\/123182\/revisions"}],"predecessor-version":[{"id":123194,"href":"https:\/\/diariodigitalmx.com\/index.php\/wp-json\/wp\/v2\/posts\/123182\/revisions\/123194"}],"wp:featuredmedia":[{"embeddable":true,"href":"https:\/\/diariodigitalmx.com\/index.php\/wp-json\/wp\/v2\/media\/123184"}],"wp:attachment":[{"href":"https:\/\/diariodigitalmx.com\/index.php\/wp-json\/wp\/v2\/media?parent=123182"}],"wp:term":[{"taxonomy":"category","embeddable":true,"href":"https:\/\/diariodigitalmx.com\/index.php\/wp-json\/wp\/v2\/categories?post=123182"},{"taxonomy":"post_tag","embeddable":true,"href":"https:\/\/diariodigitalmx.com\/index.php\/wp-json\/wp\/v2\/tags?post=123182"}],"curies":[{"name":"wp","href":"https:\/\/api.w.org\/{rel}","templated":true}]}}