{"id":123227,"date":"2024-08-26T23:47:33","date_gmt":"2024-08-27T04:47:33","guid":{"rendered":"https:\/\/diariodigitalmx.com\/?p=123227"},"modified":"2024-08-26T23:57:27","modified_gmt":"2024-08-27T04:57:27","slug":"un-rayo-de-luz-en-cadereyta","status":"publish","type":"post","link":"https:\/\/diariodigitalmx.com\/index.php\/2024\/08\/26\/un-rayo-de-luz-en-cadereyta\/","title":{"rendered":"Un rayo de luz en Cadereyta"},"content":{"rendered":"\n<figure class=\"wp-block-image size-large\"><img loading=\"lazy\" decoding=\"async\" width=\"768\" height=\"1024\" src=\"https:\/\/diariodigitalmx.com\/wp-content\/uploads\/2024\/08\/IMG-20240826-WA0045-768x1024.jpg\" alt=\"\" class=\"wp-image-123232\" srcset=\"https:\/\/diariodigitalmx.com\/wp-content\/uploads\/2024\/08\/IMG-20240826-WA0045-768x1024.jpg 768w, https:\/\/diariodigitalmx.com\/wp-content\/uploads\/2024\/08\/IMG-20240826-WA0045-225x300.jpg 225w, https:\/\/diariodigitalmx.com\/wp-content\/uploads\/2024\/08\/IMG-20240826-WA0045.jpg 960w\" sizes=\"(max-width: 768px) 100vw, 768px\" \/><\/figure>\n\n\n\n<p>Daniela Montalvo Herrera <\/p>\n\n\n\n<p>Hace unas semanas, mientras exploraba los encantos escondidos de Nuevo Le\u00f3n, me encontr\u00e9 con una historia que parec\u00eda esperar ser contada: Psicokg \u00c1ngeles de Cadereyta.<\/p>\n\n\n\n<p>En el coraz\u00f3n de Cadereyta, conoc\u00ed a Karmen, una mujer cuya pasi\u00f3n y compromiso por ayudar a los m\u00e1s j\u00f3venes me dej\u00f3 sin palabras. A medida que me sumerg\u00eda en la realidad de este centro, me di cuenta de que \u00c1ngeles de Cadereyta es mucho m\u00e1s que un simple lugar; es un faro de esperanza para quienes m\u00e1s lo necesitan.<\/p>\n\n\n\n<p>Rebeca, la Directora de este refugio, no es solo una figura de autoridad, es la mano derecha de Karmen y quien le ha ayudado a materializar su sue\u00f1o, adem\u00e1s de ser el motor que impulsa cada rinc\u00f3n de \u00c1ngeles de Cadereyta. Su dedicaci\u00f3n es palpable en cada detalle del centro, que est\u00e1 dise\u00f1ado para ofrecer un ambiente seguro y reconfortante a ni\u00f1as y ni\u00f1os de entre 10 y 17 a\u00f1os.<\/p>\n\n\n\n<figure class=\"wp-block-image size-large\"><img loading=\"lazy\" decoding=\"async\" width=\"768\" height=\"1024\" src=\"https:\/\/diariodigitalmx.com\/wp-content\/uploads\/2024\/08\/IMG-20240826-WA0044-768x1024.jpg\" alt=\"\" class=\"wp-image-123234\" srcset=\"https:\/\/diariodigitalmx.com\/wp-content\/uploads\/2024\/08\/IMG-20240826-WA0044-768x1024.jpg 768w, https:\/\/diariodigitalmx.com\/wp-content\/uploads\/2024\/08\/IMG-20240826-WA0044-225x300.jpg 225w, https:\/\/diariodigitalmx.com\/wp-content\/uploads\/2024\/08\/IMG-20240826-WA0044.jpg 960w\" sizes=\"(max-width: 768px) 100vw, 768px\" \/><\/figure>\n\n\n\n<p>Este espacio, creado con amor y cuidado, se ha convertido en un verdadero refugio para aquellos que enfrentan problemas emocionales y conductuales, brindando una nueva oportunidad para sanar y crecer.<\/p>\n\n\n\n<p>Lo que distingue a \u00c1ngeles de Cadereyta es su enfoque integral en la atenci\u00f3n. Desde la atenci\u00f3n ambulatoria hasta el internamiento, cada servicio est\u00e1 adaptado a las necesidades individuales de los menores. La terapia psicol\u00f3gica, tanto individual como familiar, juega un papel crucial en este proceso, abordando no solo los s\u00edntomas visibles, sino tambi\u00e9n las ra\u00edces profundas de los problemas.<\/p>\n\n\n\n<figure class=\"wp-block-image size-large\"><img loading=\"lazy\" decoding=\"async\" width=\"768\" height=\"1024\" src=\"https:\/\/diariodigitalmx.com\/wp-content\/uploads\/2024\/08\/IMG-20240826-WA0047-768x1024.jpg\" alt=\"\" class=\"wp-image-123236\" srcset=\"https:\/\/diariodigitalmx.com\/wp-content\/uploads\/2024\/08\/IMG-20240826-WA0047-768x1024.jpg 768w, https:\/\/diariodigitalmx.com\/wp-content\/uploads\/2024\/08\/IMG-20240826-WA0047-225x300.jpg 225w, https:\/\/diariodigitalmx.com\/wp-content\/uploads\/2024\/08\/IMG-20240826-WA0047.jpg 960w\" sizes=\"(max-width: 768px) 100vw, 768px\" \/><\/figure>\n\n\n\n<figure class=\"wp-block-image size-large\"><img loading=\"lazy\" decoding=\"async\" width=\"768\" height=\"1024\" src=\"https:\/\/diariodigitalmx.com\/wp-content\/uploads\/2024\/08\/IMG-20240826-WA0048-768x1024.jpg\" alt=\"\" class=\"wp-image-123239\" srcset=\"https:\/\/diariodigitalmx.com\/wp-content\/uploads\/2024\/08\/IMG-20240826-WA0048-768x1024.jpg 768w, https:\/\/diariodigitalmx.com\/wp-content\/uploads\/2024\/08\/IMG-20240826-WA0048-225x300.jpg 225w, https:\/\/diariodigitalmx.com\/wp-content\/uploads\/2024\/08\/IMG-20240826-WA0048.jpg 960w\" sizes=\"(max-width: 768px) 100vw, 768px\" \/><\/figure>\n\n\n\n<p>Rebeca y su equipo trabajan incansablemente para asegurar que cada ni\u00f1o reciba el apoyo necesario para superar sus desaf\u00edos.<\/p>\n\n\n\n<p>Los grupos de apoyo, los talleres educativos y preventivos, as\u00ed como las charlas y conferencias son otra pieza clave en el mosaico de \u00c1ngeles de Cadereyta. En estos espacios, las ni\u00f1as y ni\u00f1os y sus familias encuentran un lugar para compartir sus experiencias y recibir orientaci\u00f3n.<\/p>\n\n\n\n<figure class=\"wp-block-image size-large\"><img loading=\"lazy\" decoding=\"async\" width=\"768\" height=\"1024\" src=\"https:\/\/diariodigitalmx.com\/wp-content\/uploads\/2024\/08\/IMG-20240826-WA0043-768x1024.jpg\" alt=\"\" class=\"wp-image-123241\" srcset=\"https:\/\/diariodigitalmx.com\/wp-content\/uploads\/2024\/08\/IMG-20240826-WA0043-768x1024.jpg 768w, https:\/\/diariodigitalmx.com\/wp-content\/uploads\/2024\/08\/IMG-20240826-WA0043-225x300.jpg 225w, https:\/\/diariodigitalmx.com\/wp-content\/uploads\/2024\/08\/IMG-20240826-WA0043-1152x1536.jpg 1152w, https:\/\/diariodigitalmx.com\/wp-content\/uploads\/2024\/08\/IMG-20240826-WA0043.jpg 1200w\" sizes=\"(max-width: 768px) 100vw, 768px\" \/><\/figure>\n\n\n\n<p>Este enfoque integral demuestra que el bienestar de los menores est\u00e1 interconectado con el fortalecimiento de sus familias.<\/p>\n\n\n\n<p>Para quienes deseen conocer m\u00e1s sobre esta inspiradora labor, \u00c1ngeles de Cadereyta se encuentra en Josefa Ortiz de Dom\u00ednguez #209, Zona Centro, Cadereyta Jim\u00e9nez. Pueden contactar al centro a trav\u00e9s del WhatsApp 8281198555 o seguir este enlace&nbsp;<a href=\"https:\/\/wa.link\/j490nr\">https:\/\/wa.link\/j490nr<\/a>.<\/p>\n\n\n\n<p>La dedicaci\u00f3n de Rebeca y su equipo es un reflejo del verdadero esp\u00edritu de solidaridad que caracteriza a M\u00e9xico, un pa\u00eds donde cada esfuerzo cuenta y cada vida importa.<\/p>\n\n\n\n<p><em><strong>Un pa\u00eds tan diverso y multicultural como M\u00e9xico, para una vida resulta sin fin.<\/strong><\/em><\/p>\n\n\n\n<p><em><strong>Vis\u00edtanos en:<\/strong><\/em><\/p>\n\n\n\n<figure class=\"wp-block-embed\"><div class=\"wp-block-embed__wrapper\">\nhttps:\/\/www.facebook.com\/mexxicosinfin\n<\/div><\/figure>\n\n\n\n<p><a href=\"https:\/\/www.instagram.com\/mexxicosinfin\">https:\/\/www.instagram.com\/mexxicosinfin<\/a><\/p>\n\n\n\n<p><em><strong>WhatsApp: 8111706390<\/strong><\/em><\/p>\n","protected":false},"excerpt":{"rendered":"<p>Daniela Montalvo Herrera Hace unas semanas, mientras exploraba los encantos escondidos de Nuevo Le\u00f3n, me encontr\u00e9 con una historia que parec\u00eda esperar ser contada: Psicokg \u00c1ngeles de Cadereyta. En el coraz\u00f3n de Cadereyta, conoc\u00ed a Karmen, una mujer cuya pasi\u00f3n y compromiso por ayudar a los m\u00e1s j\u00f3venes me dej\u00f3 sin palabras. A medida que [&hellip;]<\/p>\n","protected":false},"author":1,"featured_media":123231,"comment_status":"open","ping_status":"open","sticky":true,"template":"","format":"standard","meta":{"footnotes":""},"categories":[5,17],"tags":[],"_links":{"self":[{"href":"https:\/\/diariodigitalmx.com\/index.php\/wp-json\/wp\/v2\/posts\/123227"}],"collection":[{"href":"https:\/\/diariodigitalmx.com\/index.php\/wp-json\/wp\/v2\/posts"}],"about":[{"href":"https:\/\/diariodigitalmx.com\/index.php\/wp-json\/wp\/v2\/types\/post"}],"author":[{"embeddable":true,"href":"https:\/\/diariodigitalmx.com\/index.php\/wp-json\/wp\/v2\/users\/1"}],"replies":[{"embeddable":true,"href":"https:\/\/diariodigitalmx.com\/index.php\/wp-json\/wp\/v2\/comments?post=123227"}],"version-history":[{"count":5,"href":"https:\/\/diariodigitalmx.com\/index.php\/wp-json\/wp\/v2\/posts\/123227\/revisions"}],"predecessor-version":[{"id":123242,"href":"https:\/\/diariodigitalmx.com\/index.php\/wp-json\/wp\/v2\/posts\/123227\/revisions\/123242"}],"wp:featuredmedia":[{"embeddable":true,"href":"https:\/\/diariodigitalmx.com\/index.php\/wp-json\/wp\/v2\/media\/123231"}],"wp:attachment":[{"href":"https:\/\/diariodigitalmx.com\/index.php\/wp-json\/wp\/v2\/media?parent=123227"}],"wp:term":[{"taxonomy":"category","embeddable":true,"href":"https:\/\/diariodigitalmx.com\/index.php\/wp-json\/wp\/v2\/categories?post=123227"},{"taxonomy":"post_tag","embeddable":true,"href":"https:\/\/diariodigitalmx.com\/index.php\/wp-json\/wp\/v2\/tags?post=123227"}],"curies":[{"name":"wp","href":"https:\/\/api.w.org\/{rel}","templated":true}]}}