{"id":123243,"date":"2024-08-27T00:17:25","date_gmt":"2024-08-27T05:17:25","guid":{"rendered":"https:\/\/diariodigitalmx.com\/?p=123243"},"modified":"2024-08-27T00:18:11","modified_gmt":"2024-08-27T05:18:11","slug":"futuro-incierto","status":"publish","type":"post","link":"https:\/\/diariodigitalmx.com\/index.php\/2024\/08\/27\/futuro-incierto\/","title":{"rendered":"Futuro incierto\u2026"},"content":{"rendered":"\n<p>Cosas del Tony<\/p>\n\n\n\n<p>Por Antonio S\u00e1nchez R.<\/p>\n\n\n\n<p>Dicen por ah\u00ed que al que obra mal, le va mal y pues el que podr\u00eda tener los d\u00edas contados al frente el gobierno estatal es nada m\u00e1s y nada menos que nuestro FosfoGober, el Samy Garc\u00eda, a quien les esperan d\u00edas y semanas aciagos debido a serios problemas que est\u00e1n por \u201creventar\u201d y que supuestamente terminar\u00e1n por ponerlo fuera de la administraci\u00f3n estatal.<\/p>\n\n\n\n<p>Nada m\u00e1s para abrir boca, les diremos que en el congreso local, las bancadas del PRI y del PAN ya le tienen preparada su \u201cfiestecita\u201d al imberbe gobernador, con una larga lista de \u201cfacturas\u201d por cobrar y no precisamente de las que maneja el Samy en el despacho de su familia, por supuesto que no.<\/p>\n\n\n\n<p>Estas facturas, pol\u00edticas por cierto, son de esas que pesan mucho y que empezar\u00edan con un nuevo juicio pol\u00edtico en contra del a\u00fan gobernador, por diversos motivos, entre los que destacan hechos como el hacer \u201cgrilla\u201d partidista en \u201chorario laboral\u201d, con todo y que el mism\u00edsimo mandatario estatal se auto impuso un supuesto horario de trabajo.<\/p>\n\n\n\n<p>Las broncas del FofoGober se han venido como en cascada, una tras otra y cada d\u00eda se despierta con \u201cnovedades\u201d nada buenas desde que las autoridades electorales le dieron la primera estocada a \u201cMarianis\u201d, su mujer, al rechazar todos sus argumentos para anular la elecci\u00f3n municipal en Monterrey y, posteriormente, declarar pr\u00e1cticamente alcalde electo a su ac\u00e9rrimo rival, Adri\u00e1n de la Garza Santos.<\/p>\n\n\n\n<p>Por cierto, se dice que es real que existe el \u201ckarma\u201d y tras portarse de manera desp\u00f3tica precisamente con el pr\u00f3ximo alcalde regio, ahora lo va a tener ah\u00ed, en la alcald\u00eda de la ciudad capital del estado en el que todav\u00eda es gobernador y va a tener que ir haciendo \u201cde tripas coraz\u00f3n\u201d. \u00bfHasta cu\u00e1ndo?, no se sabe, pero se dice y se asegura que el Samy no termina el a\u00f1o al frente de la administraci\u00f3n estatal.<\/p>\n\n\n\n<p>A la crisis del agua, problema que no est\u00e1 resuelto del todo habr\u00eda qu\u00e9 sumar la problem\u00e1tica que se vive en torno al transporte urbano, del que la gente dice que es malo, caro e insuficiente, mientras que los empresarios transportistas han decidido reducir el n\u00famero de unidades ante la falta de pago por parte del estado, por el concepto del cobro electr\u00f3nico.<\/p>\n\n\n\n<p>Miles de usuarios del transporte urbano, especialmente los que utilizan el llamado Ecov\u00eda, Transmetro y las \u201cRutas Verdes\u201d, con los \u201cflamantes\u201d camiones adquiridos por el gobierno estatal, sufren a diario esperas hasta de dos horas para abordar alguna unidad, ya sea para ir a sus trabajos por la ma\u00f1ana o para regresar a sus casas por la noche. Las fallas en las m\u00e1quinas para recargar tarjetas, muy frecuentes, es un problema paralelo a esta situaci\u00f3n.<\/p>\n\n\n\n<p>A todo esto, agregue usted las fallas existentes en el Sistema Metro, en el que hemos detectado que en muchas estaciones las escaleras el\u00e9ctricas no funcionan, convirti\u00e9ndose en un serio problema para los usuarios discapacitados, as\u00ed como para los adultos mayores.<\/p>\n\n\n\n<p>En serio, no le espera muy buen futuro al Chame y para cerrar con \u201cbroche de oro\u201d su incierto panorama, les diremos que hace unos d\u00edas tuvo la mala fortuna de estar en el lugar equivocado y en el momento equivocado: acompa\u00f1\u00f3 a Andr\u00e9s Manuel L\u00f3pez Obrador en un evento realizado en Monterrey, como parte de la \u201cgira de despedida\u201d del a\u00fan presidente.<\/p>\n\n\n\n<p>En dicho evento, el Samy fue terriblemente abucheado y si no ha sido por la oportuna intervenci\u00f3n de Claudia Sheinbaum, hubiese puesto peor. Pero dicen, no me lo crean, pero me pasaron el chisme que cuando estaban los abucheos, se pod\u00eda ver una sonrisa socarrona en la cara de Andr\u00e9s Manuel, como si estuviese disfrutando de aquel momento de bochorno que estaba pasando el mandatario nuevoleon\u00e9s. Ya veremos qu\u00e9 sucede, pero las apuestas est\u00e1n a que el Chame, de este a\u00f1o no pasa.<\/p>\n","protected":false},"excerpt":{"rendered":"<p>Cosas del Tony Por Antonio S\u00e1nchez R. Dicen por ah\u00ed que al que obra mal, le va mal y pues el que podr\u00eda tener los d\u00edas contados al frente el gobierno estatal es nada m\u00e1s y nada menos que nuestro FosfoGober, el Samy Garc\u00eda, a quien les esperan d\u00edas y semanas aciagos debido a serios [&hellip;]<\/p>\n","protected":false},"author":1,"featured_media":123245,"comment_status":"open","ping_status":"open","sticky":true,"template":"","format":"standard","meta":{"footnotes":""},"categories":[14,12],"tags":[],"_links":{"self":[{"href":"https:\/\/diariodigitalmx.com\/index.php\/wp-json\/wp\/v2\/posts\/123243"}],"collection":[{"href":"https:\/\/diariodigitalmx.com\/index.php\/wp-json\/wp\/v2\/posts"}],"about":[{"href":"https:\/\/diariodigitalmx.com\/index.php\/wp-json\/wp\/v2\/types\/post"}],"author":[{"embeddable":true,"href":"https:\/\/diariodigitalmx.com\/index.php\/wp-json\/wp\/v2\/users\/1"}],"replies":[{"embeddable":true,"href":"https:\/\/diariodigitalmx.com\/index.php\/wp-json\/wp\/v2\/comments?post=123243"}],"version-history":[{"count":1,"href":"https:\/\/diariodigitalmx.com\/index.php\/wp-json\/wp\/v2\/posts\/123243\/revisions"}],"predecessor-version":[{"id":123244,"href":"https:\/\/diariodigitalmx.com\/index.php\/wp-json\/wp\/v2\/posts\/123243\/revisions\/123244"}],"wp:featuredmedia":[{"embeddable":true,"href":"https:\/\/diariodigitalmx.com\/index.php\/wp-json\/wp\/v2\/media\/123245"}],"wp:attachment":[{"href":"https:\/\/diariodigitalmx.com\/index.php\/wp-json\/wp\/v2\/media?parent=123243"}],"wp:term":[{"taxonomy":"category","embeddable":true,"href":"https:\/\/diariodigitalmx.com\/index.php\/wp-json\/wp\/v2\/categories?post=123243"},{"taxonomy":"post_tag","embeddable":true,"href":"https:\/\/diariodigitalmx.com\/index.php\/wp-json\/wp\/v2\/tags?post=123243"}],"curies":[{"name":"wp","href":"https:\/\/api.w.org\/{rel}","templated":true}]}}