{"id":123270,"date":"2024-08-27T23:09:57","date_gmt":"2024-08-28T04:09:57","guid":{"rendered":"https:\/\/diariodigitalmx.com\/?p=123270"},"modified":"2024-08-27T23:12:18","modified_gmt":"2024-08-28T04:12:18","slug":"videos-detenidos-por-robo-de-aparatos-de-linea-blanca","status":"publish","type":"post","link":"https:\/\/diariodigitalmx.com\/index.php\/2024\/08\/27\/videos-detenidos-por-robo-de-aparatos-de-linea-blanca\/","title":{"rendered":"Videos: Detenidos por robo de aparatos de l\u00ednea blanca"},"content":{"rendered":"\n<figure class=\"wp-block-video\"><video controls src=\"http:\/\/diariodigitalmx.com\/wp-content\/uploads\/2024\/08\/VID-20240827-WA0185.mp4\"><\/video><\/figure>\n\n\n\n<figure class=\"wp-block-video\"><video controls src=\"http:\/\/diariodigitalmx.com\/wp-content\/uploads\/2024\/08\/VID-20240827-WA0184.mp4\"><\/video><\/figure>\n\n\n\n<p>Oficiales de Investigaci\u00f3n de la Polic\u00eda de Monterrey detuvieron a dos hombres y una mujer, por el presunto robo de aparatos de l\u00ednea blanca, en la Colonia Bella Vista.<\/p>\n\n\n\n<p>Los hechos se registraron en Ruiz Cortines y Alfonso Reyes.<\/p>\n\n\n\n<p>Fueron identificados como Mois\u00e9s Carlos A., de 43 a\u00f1os, del Estado de Veracruz; Pedro C., de 33 a\u00f1os, originario de Guatemala y Casandra Virginia A., de 30 a\u00f1os, de esta ciudad.<\/p>\n\n\n\n<p>La detenci\u00f3n se realiz\u00f3 en flagrancia, luego de observar a varias personas a trav\u00e9s de las c\u00e1maras del C4i4, de que en la v\u00eda p\u00fablica trasladaban diversos art\u00edculos de l\u00ednea blanca, como dos, refrigeradores, una lavadora y un mini split.<\/p>\n\n\n\n<p>Los objetos los robaron de una bodega de una tienda departamento que se ubica en la zona, a trav\u00e9s de la perforaci\u00f3n que hay de una pared.<\/p>\n\n\n\n<p>Tras ser observados, los elementos policiacos procedieron con la detenci\u00f3n de las tres personas y el aseguramiento de la mercanc\u00eda.<\/p>\n\n\n\n<p>Las autoridades realizan las investigaciones, ya que se detect\u00f3 por las c\u00e1maras de seguridad del C4i4, de que varios c\u00f3mplices huyeron con otros art\u00edculos a bordo de un veh\u00edculo en color negro, con placas TEU 292B.<\/p>\n\n\n\n<p><\/p>\n","protected":false},"excerpt":{"rendered":"<p>Oficiales de Investigaci\u00f3n de la Polic\u00eda de Monterrey detuvieron a dos hombres y una mujer, por el presunto robo de aparatos de l\u00ednea blanca, en la Colonia Bella Vista. Los hechos se registraron en Ruiz Cortines y Alfonso Reyes. Fueron identificados como Mois\u00e9s Carlos A., de 43 a\u00f1os, del Estado de Veracruz; Pedro C., de [&hellip;]<\/p>\n","protected":false},"author":1,"featured_media":123272,"comment_status":"open","ping_status":"open","sticky":true,"template":"","format":"standard","meta":{"footnotes":""},"categories":[5,7],"tags":[],"_links":{"self":[{"href":"https:\/\/diariodigitalmx.com\/index.php\/wp-json\/wp\/v2\/posts\/123270"}],"collection":[{"href":"https:\/\/diariodigitalmx.com\/index.php\/wp-json\/wp\/v2\/posts"}],"about":[{"href":"https:\/\/diariodigitalmx.com\/index.php\/wp-json\/wp\/v2\/types\/post"}],"author":[{"embeddable":true,"href":"https:\/\/diariodigitalmx.com\/index.php\/wp-json\/wp\/v2\/users\/1"}],"replies":[{"embeddable":true,"href":"https:\/\/diariodigitalmx.com\/index.php\/wp-json\/wp\/v2\/comments?post=123270"}],"version-history":[{"count":3,"href":"https:\/\/diariodigitalmx.com\/index.php\/wp-json\/wp\/v2\/posts\/123270\/revisions"}],"predecessor-version":[{"id":123278,"href":"https:\/\/diariodigitalmx.com\/index.php\/wp-json\/wp\/v2\/posts\/123270\/revisions\/123278"}],"wp:featuredmedia":[{"embeddable":true,"href":"https:\/\/diariodigitalmx.com\/index.php\/wp-json\/wp\/v2\/media\/123272"}],"wp:attachment":[{"href":"https:\/\/diariodigitalmx.com\/index.php\/wp-json\/wp\/v2\/media?parent=123270"}],"wp:term":[{"taxonomy":"category","embeddable":true,"href":"https:\/\/diariodigitalmx.com\/index.php\/wp-json\/wp\/v2\/categories?post=123270"},{"taxonomy":"post_tag","embeddable":true,"href":"https:\/\/diariodigitalmx.com\/index.php\/wp-json\/wp\/v2\/tags?post=123270"}],"curies":[{"name":"wp","href":"https:\/\/api.w.org\/{rel}","templated":true}]}}