{"id":123344,"date":"2024-08-29T12:50:59","date_gmt":"2024-08-29T17:50:59","guid":{"rendered":"https:\/\/diariodigitalmx.com\/?p=123344"},"modified":"2024-08-29T12:51:31","modified_gmt":"2024-08-29T17:51:31","slug":"la-ceguera-social-en-mexico-y-la-perdida-de-sentido","status":"publish","type":"post","link":"https:\/\/diariodigitalmx.com\/index.php\/2024\/08\/29\/la-ceguera-social-en-mexico-y-la-perdida-de-sentido\/","title":{"rendered":"La ceguera social en M\u00e9xico y la p\u00e9rdida de sentido"},"content":{"rendered":"\n<p><\/p>\n\n\n\n<p>Por Gerardo Guerrero<br>En el contexto de la ceguera social que enfrenta M\u00e9xico, nos encontramos como una sociedad que ha perdido la b\u00fasqueda de sentido, navegando en un mundo que a menudo carece de prop\u00f3sito y claridad. En la actualidad, M\u00e9xico enfrenta desaf\u00edos profundos que ponen a prueba nuestra capacidad para discernir lo verdaderamente importante. Mientras el pa\u00eds atraviesa una coyuntura cr\u00edtica, donde propuestas de reformas judiciales amenazan con socavar la esencia misma de la justicia y el estado de derecho, la atenci\u00f3n p\u00fablica parece desviarse hacia la distracci\u00f3n superficial de un reality show. Este contraste revela una desconexi\u00f3n peligrosa entre los asuntos que afectan la vida y los derechos de todos los ciudadanos, y aquellos que \u00fanicamente alimentan el entretenimiento moment\u00e1neo.<\/p>\n\n\n\n<p>La propuesta de reforma judicial que se discute en estos d\u00edas en M\u00e9xico plantea serias amenazas a la independencia del poder judicial. De aprobarse, podr\u00eda abrir la puerta a una mayor influencia del poder ejecutivo sobre los jueces, erosionando as\u00ed la separaci\u00f3n de poderes que es fundamental en cualquier democracia. La justicia, un pilar esencial para el mantenimiento de la paz social y la protecci\u00f3n de los derechos, corre el riesgo de convertirse en una herramienta m\u00e1s del poder pol\u00edtico, utilizada para perseguir enemigos o favorecer aliados.<\/p>\n\n\n\n<p>En este contexto, resulta alarmante observar c\u00f3mo la sociedad mexicana parece m\u00e1s interesada en la \u00faltima controversia de un programa de televisi\u00f3n que en la defensa de su propio sistema judicial. La popularidad de estos espect\u00e1culos es un s\u00edntoma de una sociedad que ha perdido de vista las cuestiones que realmente importan. Mientras el reality show captura la atenci\u00f3n de millones, las reformas que podr\u00edan redefinir el futuro de la naci\u00f3n pasan casi desapercibidas. Este fen\u00f3meno no es meramente una cuesti\u00f3n de gustos o preferencias de entretenimiento, sino un reflejo de una grave ceguera colectiva.<\/p>\n\n\n\n<p>La indiferencia hacia temas de vital importancia como la justicia y la libertad, y la preferencia por la banalidad medi\u00e1tica, muestran una desconexi\u00f3n con las responsabilidades que conlleva vivir en una sociedad democr\u00e1tica. No es simplemente que los problemas est\u00e9n ocultos, sino que, incluso cuando son visibles, se eligen otras distracciones. Este es el verdadero peligro: la erosi\u00f3n de la conciencia c\u00edvica y la incapacidad de actuar en defensa de los valores fundamentales de la sociedad.<\/p>\n\n\n\n<p>El desaf\u00edo actual no es \u00fanicamente pol\u00edtico o judicial, sino tambi\u00e9n moral y cultural. La prioridad que se otorga a lo trivial sobre lo esencial muestra una peligrosa ceguera, una incapacidad para ver lo que es realmente importante. Nos encontramos en una encrucijada, y la elecci\u00f3n de hacia d\u00f3nde dirigir nuestra atenci\u00f3n y energ\u00eda definir\u00e1 el rumbo de M\u00e9xico en los pr\u00f3ximos a\u00f1os. Como sociedad, debemos preguntarnos si estamos dispuestos a enfrentar los retos que se avecinan, o si preferimos seguir ciegos ante ellos, hasta que sea demasiado tarde.<\/p>\n\n\n\n<p>En \u00faltima instancia, somos una sociedad que ha olvidado c\u00f3mo ver, c\u00f3mo discernir lo crucial de lo irrelevante. La ceguera que nos afecta no es la falta de visi\u00f3n f\u00edsica, sino la ausencia de claridad en nuestra percepci\u00f3n de la realidad. Si no despertamos a tiempo, podr\u00edamos encontrarnos en un pa\u00eds que ya no reconoce el valor de la justicia, la libertad, y la verdad, un pa\u00eds que, en su ceguera, ha perdido su camino.<\/p>\n\n\n\n<p>Es momento de reflexionar sobre nuestro papel en esta encrucijada. La ceguera social no es una condici\u00f3n irreversible; podemos elegir abrir los ojos y actuar. La pr\u00f3xima vez que sintamos la tentaci\u00f3n de distraernos con entretenimiento superficial, pregunt\u00e9monos qu\u00e9 cuestiones importantes est\u00e1n en juego. Participar en la vida p\u00fablica, educarnos y compartir informaci\u00f3n son pasos esenciales para recuperar el sentido perdido. La transformaci\u00f3n comienza en nosotros. No permitamos que nuestra sociedad siga adormecida; juntos podemos forjar un camino hacia la claridad y la justicia. Es hora de dejar de lado la ceguera y abrazar el desaf\u00edo de construir un futuro con sentido.<\/p>\n\n\n\n<p>\u00bfEstamos dispuestos a despertar de este letargo y a asumir el papel de ciudadanos activos en la construcci\u00f3n de un futuro mejor? La elecci\u00f3n es nuestra.<\/p>\n\n\n\n<p>Comparte ahora mismo \ud83c\udf10<br>Deja tu comentario \ud83d\udcac<\/p>\n\n\n\n<figure class=\"wp-block-embed\"><div class=\"wp-block-embed__wrapper\">\nhttps:\/\/www.facebook.com\/davidguerrerogtz\n<\/div><\/figure>\n\n\n\n<figure class=\"wp-block-embed is-type-rich is-provider-twitter wp-block-embed-twitter\"><div class=\"wp-block-embed__wrapper\">\n<a class=\"twitter-timeline\" data-width=\"640\" data-height=\"960\" data-dnt=\"true\" href=\"https:\/\/twitter.com\/Gera__Guerrero?ref_src=twsrc%5Etfw\">Tweets by Gera__Guerrero<\/a><script async src=\"https:\/\/platform.twitter.com\/widgets.js\" charset=\"utf-8\"><\/script>\n<\/div><\/figure>\n","protected":false},"excerpt":{"rendered":"<p>Por Gerardo GuerreroEn el contexto de la ceguera social que enfrenta M\u00e9xico, nos encontramos como una sociedad que ha perdido la b\u00fasqueda de sentido, navegando en un mundo que a menudo carece de prop\u00f3sito y claridad. En la actualidad, M\u00e9xico enfrenta desaf\u00edos profundos que ponen a prueba nuestra capacidad para discernir lo verdaderamente importante. Mientras [&hellip;]<\/p>\n","protected":false},"author":1,"featured_media":123262,"comment_status":"open","ping_status":"open","sticky":true,"template":"","format":"standard","meta":{"footnotes":""},"categories":[12,5],"tags":[],"_links":{"self":[{"href":"https:\/\/diariodigitalmx.com\/index.php\/wp-json\/wp\/v2\/posts\/123344"}],"collection":[{"href":"https:\/\/diariodigitalmx.com\/index.php\/wp-json\/wp\/v2\/posts"}],"about":[{"href":"https:\/\/diariodigitalmx.com\/index.php\/wp-json\/wp\/v2\/types\/post"}],"author":[{"embeddable":true,"href":"https:\/\/diariodigitalmx.com\/index.php\/wp-json\/wp\/v2\/users\/1"}],"replies":[{"embeddable":true,"href":"https:\/\/diariodigitalmx.com\/index.php\/wp-json\/wp\/v2\/comments?post=123344"}],"version-history":[{"count":1,"href":"https:\/\/diariodigitalmx.com\/index.php\/wp-json\/wp\/v2\/posts\/123344\/revisions"}],"predecessor-version":[{"id":123345,"href":"https:\/\/diariodigitalmx.com\/index.php\/wp-json\/wp\/v2\/posts\/123344\/revisions\/123345"}],"wp:featuredmedia":[{"embeddable":true,"href":"https:\/\/diariodigitalmx.com\/index.php\/wp-json\/wp\/v2\/media\/123262"}],"wp:attachment":[{"href":"https:\/\/diariodigitalmx.com\/index.php\/wp-json\/wp\/v2\/media?parent=123344"}],"wp:term":[{"taxonomy":"category","embeddable":true,"href":"https:\/\/diariodigitalmx.com\/index.php\/wp-json\/wp\/v2\/categories?post=123344"},{"taxonomy":"post_tag","embeddable":true,"href":"https:\/\/diariodigitalmx.com\/index.php\/wp-json\/wp\/v2\/tags?post=123344"}],"curies":[{"name":"wp","href":"https:\/\/api.w.org\/{rel}","templated":true}]}}