{"id":123350,"date":"2024-08-30T10:11:20","date_gmt":"2024-08-30T15:11:20","guid":{"rendered":"https:\/\/diariodigitalmx.com\/?p=123350"},"modified":"2024-08-30T10:12:18","modified_gmt":"2024-08-30T15:12:18","slug":"violencia-escolar","status":"publish","type":"post","link":"https:\/\/diariodigitalmx.com\/index.php\/2024\/08\/30\/violencia-escolar\/","title":{"rendered":"Violencia escolar"},"content":{"rendered":"\n<p><\/p>\n\n\n\n<p>Entre tantos temas muy importantes y relevantes en los que nos encontramos actualmente tanto a nivel municipal, como local y federal, les comparto sobre las situaciones de violencia que contin\u00faan en las escuelas. Como les hab\u00eda comentado, los especialistas determinan que los casos de violencia escolar suceden en cascada; el mi\u00e9rcoles fue la amenaza de un joven de realizar un tiroteo en la preparatoria 9, y ayer hubo un tiroteo en el Tec Milenio Cumbres, al parecer sin personas heridas, y por otro lado, tambi\u00e9n el d\u00eda de ayer en la preparatoria 16, ubicada en el municipio de San Nicol\u00e1s, se pelearon a golpes dos pares de jovencitas en un parque cercano a dicha preparatoria, y de acuerdo a los videos que circularon en redes, no se ve\u00eda que se acercara ning\u00fan adulto para separarlas, solo se ve\u00edan m\u00e1s j\u00f3venes alrededor gritando y grabando con sus celulares. Es URGENTE que las autoridades de educaci\u00f3n busquen soluciones a la violencia escolar, la cual se contin\u00faa viendo en escuelas p\u00fablicas y privadas, as\u00ed como tambi\u00e9n los padres de familia y cada directivo de todas las escuelas. Los j\u00f3venes imitan lo que ven\u2026 por ah\u00ed podemos empezar a sensibilizarlos, incluyendo en el programa del estado materias como civismo y \u00e9tica, que ser\u00edan de gran ayuda. Por lo pronto, los ciudadanos nos estamos organizando para dar conferencias a los padres de familia, precisamente sobre temas de educaci\u00f3n con valores, abordaremos las problem\u00e1ticas actuales que viven los ni\u00f1os y adolescentes en medio del caos de informaci\u00f3n en internet, es necesario seguir brindando ayuda a las familias, quienes se encuentran sumergidas en diversas situaciones complejas. Si desean m\u00e1s informaci\u00f3n sobre la conferencia que daremos este fin de semana pueden enviar un mensaje al WhatsApp 81-25-81-7661. Es cupo limitado. Arrancamos con el programa C\u00edrculos de ayuda para Padres de Familia en el Instituto Nacional de Consultor\u00eda Familiar.<br>Luz Mar\u00eda Ortiz Quintos<\/p>\n","protected":false},"excerpt":{"rendered":"<p>Entre tantos temas muy importantes y relevantes en los que nos encontramos actualmente tanto a nivel municipal, como local y federal, les comparto sobre las situaciones de violencia que contin\u00faan en las escuelas. Como les hab\u00eda comentado, los especialistas determinan que los casos de violencia escolar suceden en cascada; el mi\u00e9rcoles fue la amenaza de [&hellip;]<\/p>\n","protected":false},"author":1,"featured_media":123303,"comment_status":"open","ping_status":"open","sticky":true,"template":"","format":"standard","meta":{"footnotes":""},"categories":[14,12],"tags":[],"_links":{"self":[{"href":"https:\/\/diariodigitalmx.com\/index.php\/wp-json\/wp\/v2\/posts\/123350"}],"collection":[{"href":"https:\/\/diariodigitalmx.com\/index.php\/wp-json\/wp\/v2\/posts"}],"about":[{"href":"https:\/\/diariodigitalmx.com\/index.php\/wp-json\/wp\/v2\/types\/post"}],"author":[{"embeddable":true,"href":"https:\/\/diariodigitalmx.com\/index.php\/wp-json\/wp\/v2\/users\/1"}],"replies":[{"embeddable":true,"href":"https:\/\/diariodigitalmx.com\/index.php\/wp-json\/wp\/v2\/comments?post=123350"}],"version-history":[{"count":2,"href":"https:\/\/diariodigitalmx.com\/index.php\/wp-json\/wp\/v2\/posts\/123350\/revisions"}],"predecessor-version":[{"id":123352,"href":"https:\/\/diariodigitalmx.com\/index.php\/wp-json\/wp\/v2\/posts\/123350\/revisions\/123352"}],"wp:featuredmedia":[{"embeddable":true,"href":"https:\/\/diariodigitalmx.com\/index.php\/wp-json\/wp\/v2\/media\/123303"}],"wp:attachment":[{"href":"https:\/\/diariodigitalmx.com\/index.php\/wp-json\/wp\/v2\/media?parent=123350"}],"wp:term":[{"taxonomy":"category","embeddable":true,"href":"https:\/\/diariodigitalmx.com\/index.php\/wp-json\/wp\/v2\/categories?post=123350"},{"taxonomy":"post_tag","embeddable":true,"href":"https:\/\/diariodigitalmx.com\/index.php\/wp-json\/wp\/v2\/tags?post=123350"}],"curies":[{"name":"wp","href":"https:\/\/api.w.org\/{rel}","templated":true}]}}