{"id":123356,"date":"2024-08-30T14:52:57","date_gmt":"2024-08-30T19:52:57","guid":{"rendered":"https:\/\/diariodigitalmx.com\/?p=123356"},"modified":"2024-08-30T14:58:30","modified_gmt":"2024-08-30T19:58:30","slug":"protestan-en-fiscalia-familiares-de-desaparecidos-acusan-no-hay-resultados-de-parte-de-las-autoridades","status":"publish","type":"post","link":"https:\/\/diariodigitalmx.com\/index.php\/2024\/08\/30\/protestan-en-fiscalia-familiares-de-desaparecidos-acusan-no-hay-resultados-de-parte-de-las-autoridades\/","title":{"rendered":"Protestan en Fiscal\u00eda familiares de desaparecidos; acusan no hay resultados de parte de las autoridades"},"content":{"rendered":"\n<p>Monterrey . &#8211; Las desapariciones de mujeres adolescentes se dispararon en un 57 por ciento, en tres a\u00f1os, en tanto desde el 2007 han desaparecido 67 personas en general y no hay avances en las investigaciones, revelaron organizaciones y familiares.<\/p>\n\n\n\n<p>En el marco del D\u00eda Internacional de las Personas Desaparecidas integrantes del Colectivo Renacer protestaron en la Fiscal\u00eda Especializada en Personas Desaparecidas por lo que consideran la falta de avance en la b\u00fasqueda de 67 personas.<\/p>\n\n\n\n<figure class=\"wp-block-image size-full\"><img loading=\"lazy\" decoding=\"async\" width=\"720\" height=\"482\" src=\"https:\/\/diariodigitalmx.com\/wp-content\/uploads\/2024\/08\/FB_IMG_1725046385917.jpg\" alt=\"\" class=\"wp-image-123362\" srcset=\"https:\/\/diariodigitalmx.com\/wp-content\/uploads\/2024\/08\/FB_IMG_1725046385917.jpg 720w, https:\/\/diariodigitalmx.com\/wp-content\/uploads\/2024\/08\/FB_IMG_1725046385917-300x201.jpg 300w\" sizes=\"(max-width: 720px) 100vw, 720px\" \/><\/figure>\n\n\n\n<p>La mayor parte de los desaparecidos son neoloneses y desaparecieron principalmente en municipios como Ci\u00e9nega de Flores, Salinas Victoria y Zuazua, inform\u00f3 Elva Rivas, vocera del Colectivo.<\/p>\n\n\n\n<p>&#8220;D\u00eda tras d\u00eda hay muchas desapariciones, hay avances muy m\u00ednimos. Tuvimos mesas de trabajo desde el mes de octubre del a\u00f1o pasado. En esas mesas de trabajo se entreg\u00f3 una minuta, que qued\u00f3 solo como minuta, pero no se le ha dado seguimiento como debe ser&#8221;.<\/p>\n\n\n\n<figure class=\"wp-block-image size-large\"><img loading=\"lazy\" decoding=\"async\" width=\"664\" height=\"1024\" src=\"https:\/\/diariodigitalmx.com\/wp-content\/uploads\/2024\/08\/FB_IMG_1725046379543-664x1024.jpg\" alt=\"\" class=\"wp-image-123365\" srcset=\"https:\/\/diariodigitalmx.com\/wp-content\/uploads\/2024\/08\/FB_IMG_1725046379543-664x1024.jpg 664w, https:\/\/diariodigitalmx.com\/wp-content\/uploads\/2024\/08\/FB_IMG_1725046379543-195x300.jpg 195w, https:\/\/diariodigitalmx.com\/wp-content\/uploads\/2024\/08\/FB_IMG_1725046379543.jpg 720w\" sizes=\"(max-width: 664px) 100vw, 664px\" \/><\/figure>\n\n\n\n<p>De acuerdo al colectivo hay personas desaparecidas desde el 2007 y a la fecha ninguna autoridad reporta alg\u00fan avance para localizarlas.<\/p>\n\n\n\n<p>En el exterior de la Fiscal\u00eda pegaron las fotograf\u00edas de sus familiares y exigieron resultados por parte de las autoridades y que, exista voluntad para buscar a las personas desaparecidas.<\/p>\n\n\n\n<p>Asimismo, familiares de desaparecidos presentaron<br>datos de la Comisi\u00f3n Nacional de B\u00fasqueda, que indican que,<br>del 2021 a la fecha el n\u00famero de casos de adolescentes de 12 a 17 a\u00f1os que siguen sin ser localizadas pas\u00f3 de 258 a 406.<\/p>\n\n\n\n<p>Indican de acuerdo a esos datos<br>que las mujeres que desaparecen suelen ser m\u00e1s j\u00f3venes en comparaci\u00f3n a los hombres.<\/p>\n\n\n\n<p>Del total de las mil 700 desaparecidas a la fecha, las adolescentes representan el 24 por ciento, la proporci\u00f3n es tres veces m\u00e1s alta que en los casos de hombres en el mismo periodo.<\/p>\n\n\n\n<p>En el D\u00eda Internacional de las V\u00edctimas de Desapariciones Forzadas, el personal defensor de la Comisi\u00f3n Estatal de Derechos Humanos acompa\u00f1\u00f3 a las madres y padres de personas desaparecidas que forman parte de los colectivos Colectivo Renacer , Tesoros perdidos. Hasta encontrarlos y Todas Somos Iguales, que realizaron el acto de protesta en el exterior de las instalaciones de la Fiscal\u00eda Especializada en Personas Desaparecidas.<\/p>\n","protected":false},"excerpt":{"rendered":"<p>Monterrey . &#8211; Las desapariciones de mujeres adolescentes se dispararon en un 57 por ciento, en tres a\u00f1os, en tanto desde el 2007 han desaparecido 67 personas en general y no hay avances en las investigaciones, revelaron organizaciones y familiares. En el marco del D\u00eda Internacional de las Personas Desaparecidas integrantes del Colectivo Renacer protestaron [&hellip;]<\/p>\n","protected":false},"author":1,"featured_media":123360,"comment_status":"open","ping_status":"open","sticky":true,"template":"","format":"standard","meta":{"footnotes":""},"categories":[6,3],"tags":[],"_links":{"self":[{"href":"https:\/\/diariodigitalmx.com\/index.php\/wp-json\/wp\/v2\/posts\/123356"}],"collection":[{"href":"https:\/\/diariodigitalmx.com\/index.php\/wp-json\/wp\/v2\/posts"}],"about":[{"href":"https:\/\/diariodigitalmx.com\/index.php\/wp-json\/wp\/v2\/types\/post"}],"author":[{"embeddable":true,"href":"https:\/\/diariodigitalmx.com\/index.php\/wp-json\/wp\/v2\/users\/1"}],"replies":[{"embeddable":true,"href":"https:\/\/diariodigitalmx.com\/index.php\/wp-json\/wp\/v2\/comments?post=123356"}],"version-history":[{"count":4,"href":"https:\/\/diariodigitalmx.com\/index.php\/wp-json\/wp\/v2\/posts\/123356\/revisions"}],"predecessor-version":[{"id":123366,"href":"https:\/\/diariodigitalmx.com\/index.php\/wp-json\/wp\/v2\/posts\/123356\/revisions\/123366"}],"wp:featuredmedia":[{"embeddable":true,"href":"https:\/\/diariodigitalmx.com\/index.php\/wp-json\/wp\/v2\/media\/123360"}],"wp:attachment":[{"href":"https:\/\/diariodigitalmx.com\/index.php\/wp-json\/wp\/v2\/media?parent=123356"}],"wp:term":[{"taxonomy":"category","embeddable":true,"href":"https:\/\/diariodigitalmx.com\/index.php\/wp-json\/wp\/v2\/categories?post=123356"},{"taxonomy":"post_tag","embeddable":true,"href":"https:\/\/diariodigitalmx.com\/index.php\/wp-json\/wp\/v2\/tags?post=123356"}],"curies":[{"name":"wp","href":"https:\/\/api.w.org\/{rel}","templated":true}]}}