{"id":123367,"date":"2024-08-30T15:02:48","date_gmt":"2024-08-30T20:02:48","guid":{"rendered":"https:\/\/diariodigitalmx.com\/?p=123367"},"modified":"2024-08-30T22:19:54","modified_gmt":"2024-08-31T03:19:54","slug":"presenta-agenda-legislativa-y-de-trabajo-la-diputada-rocio-montalvo-para-la-legislatura-77-de-nuevo-leon","status":"publish","type":"post","link":"https:\/\/diariodigitalmx.com\/index.php\/2024\/08\/30\/presenta-agenda-legislativa-y-de-trabajo-la-diputada-rocio-montalvo-para-la-legislatura-77-de-nuevo-leon\/","title":{"rendered":"Presenta agenda de trabajo la diputada Roc\u00edo Montalvo de Nuevo Le\u00f3n"},"content":{"rendered":"\n<p><br>*Va por l\u00ednea 8 del Metro<\/p>\n\n\n\n<p>Monterrey-. Roc\u00edo Mayb\u00e9 Montalvo Adame, diputada de Movimiento Ciudadano por el Distrito 23 local present\u00f3 su agenda legislativa en la que destaca la prioridad para resolver problemas de transporte colectivo urbano, seguridad y servicios p\u00fablicos primarios en el municipio de Ju\u00e1rez.<\/p>\n\n\n\n<p>La legisladora y activista social estuvo acompa\u00f1ada por F\u00e9lix Arratia, Alcalde electo de Ju\u00e1rez, quien estableci\u00f3 el compromiso con la diputada de trabajar en conjunto y encontrar soluciones a las demandas de la poblaci\u00f3n juarense.<\/p>\n\n\n\n<figure class=\"wp-block-image size-full\"><img loading=\"lazy\" decoding=\"async\" width=\"592\" height=\"395\" src=\"https:\/\/diariodigitalmx.com\/wp-content\/uploads\/2024\/08\/IMG-20240830-WA0066.jpg\" alt=\"\" class=\"wp-image-123369\" srcset=\"https:\/\/diariodigitalmx.com\/wp-content\/uploads\/2024\/08\/IMG-20240830-WA0066.jpg 592w, https:\/\/diariodigitalmx.com\/wp-content\/uploads\/2024\/08\/IMG-20240830-WA0066-300x200.jpg 300w\" sizes=\"(max-width: 592px) 100vw, 592px\" \/><\/figure>\n\n\n\n<p>Montalvo Adame tiene en su agenda legislativa el impulso al transporte urbano, entre ello la l\u00ednea 8 del Metro, mejorar las vialidades y la infraestructura para la movilidad, adem\u00e1s de dar prioridad a los peatones con la construcci\u00f3n de parabuses seguros y accesibles que garanticen el derecho a la movilidad.<\/p>\n\n\n\n<p>&#8220;A los juarenses les debemos mucho, ten\u00edan secuestrado al Municipio, los hemos rescatado y vamos a cambiarlo para bien. Con F\u00e9lix Arratia habr\u00e1 resultados positivos y Ju\u00e1rez tendr\u00e1 calidad de vida&#8221;, dijo la legisladora que formar\u00e1 parte de la Legislatura 77 de Nuevo Le\u00f3n.<\/p>\n\n\n\n<figure class=\"wp-block-image size-full\"><img loading=\"lazy\" decoding=\"async\" width=\"720\" height=\"514\" src=\"https:\/\/diariodigitalmx.com\/wp-content\/uploads\/2024\/08\/Screenshot_20240830_140730_Gallery.jpg\" alt=\"\" class=\"wp-image-123372\" srcset=\"https:\/\/diariodigitalmx.com\/wp-content\/uploads\/2024\/08\/Screenshot_20240830_140730_Gallery.jpg 720w, https:\/\/diariodigitalmx.com\/wp-content\/uploads\/2024\/08\/Screenshot_20240830_140730_Gallery-300x214.jpg 300w\" sizes=\"(max-width: 720px) 100vw, 720px\" \/><\/figure>\n\n\n\n<p>Destaca tambi\u00e9n en la agenda la propuesta de una Ley Antibaches, el recarpeteo y mantenimiento inmediato con materiales de calidad de las vialidades.<\/p>\n\n\n\n<p>Asimismo, dar seguridad social a los ch\u00f3feres con programas sociales, invertir en la infraestructura por parte de los municipios y en general, atender los problemas sociales.<\/p>\n\n\n\n<p>Implementar la figura del taxi de barrio, regularizar los taxis piratas y garantizar seguridad a los usuarios y propios taxistas, est\u00e1n entre las propuestas.<\/p>\n\n\n\n<p>El alcalde electo F\u00e9lix Arratia reiter\u00f3 el compromiso de apoyar a Montalvo Adame y hacer equipo en Ju\u00e1rez.<\/p>\n","protected":false},"excerpt":{"rendered":"<p>*Va por l\u00ednea 8 del Metro Monterrey-. Roc\u00edo Mayb\u00e9 Montalvo Adame, diputada de Movimiento Ciudadano por el Distrito 23 local present\u00f3 su agenda legislativa en la que destaca la prioridad para resolver problemas de transporte colectivo urbano, seguridad y servicios p\u00fablicos primarios en el municipio de Ju\u00e1rez. La legisladora y activista social estuvo acompa\u00f1ada por [&hellip;]<\/p>\n","protected":false},"author":1,"featured_media":123383,"comment_status":"open","ping_status":"open","sticky":true,"template":"","format":"standard","meta":{"footnotes":""},"categories":[6,3],"tags":[],"_links":{"self":[{"href":"https:\/\/diariodigitalmx.com\/index.php\/wp-json\/wp\/v2\/posts\/123367"}],"collection":[{"href":"https:\/\/diariodigitalmx.com\/index.php\/wp-json\/wp\/v2\/posts"}],"about":[{"href":"https:\/\/diariodigitalmx.com\/index.php\/wp-json\/wp\/v2\/types\/post"}],"author":[{"embeddable":true,"href":"https:\/\/diariodigitalmx.com\/index.php\/wp-json\/wp\/v2\/users\/1"}],"replies":[{"embeddable":true,"href":"https:\/\/diariodigitalmx.com\/index.php\/wp-json\/wp\/v2\/comments?post=123367"}],"version-history":[{"count":6,"href":"https:\/\/diariodigitalmx.com\/index.php\/wp-json\/wp\/v2\/posts\/123367\/revisions"}],"predecessor-version":[{"id":123388,"href":"https:\/\/diariodigitalmx.com\/index.php\/wp-json\/wp\/v2\/posts\/123367\/revisions\/123388"}],"wp:featuredmedia":[{"embeddable":true,"href":"https:\/\/diariodigitalmx.com\/index.php\/wp-json\/wp\/v2\/media\/123383"}],"wp:attachment":[{"href":"https:\/\/diariodigitalmx.com\/index.php\/wp-json\/wp\/v2\/media?parent=123367"}],"wp:term":[{"taxonomy":"category","embeddable":true,"href":"https:\/\/diariodigitalmx.com\/index.php\/wp-json\/wp\/v2\/categories?post=123367"},{"taxonomy":"post_tag","embeddable":true,"href":"https:\/\/diariodigitalmx.com\/index.php\/wp-json\/wp\/v2\/tags?post=123367"}],"curies":[{"name":"wp","href":"https:\/\/api.w.org\/{rel}","templated":true}]}}