{"id":123389,"date":"2024-08-31T00:21:52","date_gmt":"2024-08-31T05:21:52","guid":{"rendered":"https:\/\/diariodigitalmx.com\/?p=123389"},"modified":"2024-08-31T00:23:08","modified_gmt":"2024-08-31T05:23:08","slug":"marina-la-malinche","status":"publish","type":"post","link":"https:\/\/diariodigitalmx.com\/index.php\/2024\/08\/31\/marina-la-malinche\/","title":{"rendered":"Marina, la Malinche"},"content":{"rendered":"\n<p>\u00d3scar Tamez Rodr\u00edguez <\/p>\n\n\n\n<p>A pesar de deberle el nacimiento de la raza y cultura mexicanas, la mujer m\u00e1s vituperada en la historiograf\u00eda mexicana es la ind\u00edgena nahua Malintzin.<\/p>\n\n\n\n<p>Los historiadores coinciden en que su nombre prehisp\u00e1nico es Malin o Malinalli, por lo que, al ser bautizada en abril de 1519, los espa\u00f1oles le llamaron Marina, siendo \u00e9ste un nombre cercano en el idioma espa\u00f1ol.<\/p>\n\n\n\n<p>De origen no preciso, su nacimiento se ubica en una regi\u00f3n del actual estado de Chiapas, en Copainal\u00e1, colindante con Tabasco en l\u00edmites con Veracruz, aunque otros la definen como nativa de Tabasco o hasta de Coatzacoalcos en Veracruz.<\/p>\n\n\n\n<p>Hija de una familia empoderada, queda hu\u00e9rfana de padre por lo cual su madre al volverse a casar la vende a unos mercaderes mexicas a la edad de 6 u 8 a\u00f1os. Posteriormente es entregada por \u00e9stos como esclava al pueblo de los xicalangos quienes hablaban n\u00e1huatl.<\/p>\n\n\n\n<p>Las continuas guerras entre mayas contra mayas o nahuas contra mayas provocaron la formaci\u00f3n de nuevo poblamientos conformados por mayas tabasque\u00f1os, lo cual origina variaciones en el idioma maya dando lugar a una nueva lengua: la chontal.<\/p>\n\n\n\n<p>Ese es el contexto donde vive Malinalli sus primeros 18 a\u00f1os. Geogr\u00e1ficamente en la regi\u00f3n de Coatzacoalcos y l\u00edmites con Tabasco, por tanto, aprender\u00e1 a comunicarse en las lenguas n\u00e1huatl y chontal, \u00e9sta \u00faltima una variante del maya.<\/p>\n\n\n\n<p>El 22 de marzo de 1519, Hern\u00e1n Cort\u00e9s arriba a la zona del Grijalva y entabla combate los d\u00edas 24 y 25 derrotando finalmente a los tabasque\u00f1os en la batalla de Centla y negociando la rendici\u00f3n del 26 al 28 de ese mes.<\/p>\n\n\n\n<p>Malinalli es entregada junto a otras 19 mujeres como esclavas a los espa\u00f1oles en se\u00f1al de reconocimiento por la derrota b\u00e9lica. Semanas despu\u00e9s los nativos le llamar\u00edan Malintzin ya que el sufijo \u201ctzin\u201d indica liderazgo. Posteriormente se confundir\u00eda con Malinche, nombre con el cual identificaban a Hern\u00e1n Cort\u00e9s y cuyo significado representa poder\u00edo.<\/p>\n\n\n\n<p>El 17 de abril de 1519, con apenas 18 a\u00f1os de vida aborda uno de los barcos espa\u00f1oles donde ser\u00e1 bautizada por fray Bartolom\u00e9 de Olmedo con el nombre de Marina y otorgada como esclava y acompa\u00f1ante a Alonso Hern\u00e1ndez Puerto-Carrero (Portocarrero), pariente y hombre cercano del capit\u00e1n Cort\u00e9s.<\/p>\n\n\n\n<p>Su vida cambiar\u00e1 sin retorno, pronto ser\u00e1 la protagonista estelar de una de las etapas m\u00e1s importantes en la historia del mundo occidental.<\/p>\n\n\n\n<p>El jueves Santo de 1519 (21 de abril), arriban las naves a San Juan de Ul\u00faa, sitio donde hoy se ubica la ciudad de Veracruz.<\/p>\n\n\n\n<p>En su paso por la costa, en territorio maya, Cort\u00e9s rescata a Ger\u00f3nimo de Aguilar, religioso quien junto a Gonzalo Guerrero estuvieron presos de los mayas, de quienes aprendieron esa lengua, sin embargo, Guerrero decide permanecer con su familia nueva entre los mayas y s\u00f3lo Aguilar se reintegra a los espa\u00f1oles.<\/p>\n\n\n\n<p>La presencia de Aguilar ten\u00eda el prop\u00f3sito de ser traductor, sin embargo, no contaban los expedicionistas con la multiplicidad de lenguas y variantes habladas en la regi\u00f3n.<\/p>\n\n\n\n<p>Entre las lenguas que debieron traducir estaba el maya, el maya de los tabasque\u00f1os, n\u00e1huatl y mexicano (el de los mexicas o aztecas). Aguilar ten\u00eda la limitaci\u00f3n de s\u00f3lo hablar maya.<\/p>\n\n\n\n<p>Cort\u00e9s descubre la val\u00eda de Malintzin, mujer pol\u00edglota y muy desarrollada en su inteligencia ling\u00fc\u00edstico-verbal lo cual favorece el aprendizaje de idiomas. Hablaba n\u00e1huatl, algo en mexicano y chontal; lenguas que traducir\u00eda con dificultad al maya de Aguilar, en pocas semanas aprende conceptos b\u00e1sicos del idioma en los conquistadores. As\u00ed Cort\u00e9s pudo parlamentar con los nativos.<\/p>\n\n\n\n<p>A Malinalli le debemos el encuentro que da vida a la mexicanidad.<\/p>\n","protected":false},"excerpt":{"rendered":"<p>\u00d3scar Tamez Rodr\u00edguez A pesar de deberle el nacimiento de la raza y cultura mexicanas, la mujer m\u00e1s vituperada en la historiograf\u00eda mexicana es la ind\u00edgena nahua Malintzin. Los historiadores coinciden en que su nombre prehisp\u00e1nico es Malin o Malinalli, por lo que, al ser bautizada en abril de 1519, los espa\u00f1oles le llamaron Marina, [&hellip;]<\/p>\n","protected":false},"author":1,"featured_media":123391,"comment_status":"open","ping_status":"open","sticky":true,"template":"","format":"standard","meta":{"footnotes":""},"categories":[14,12],"tags":[],"_links":{"self":[{"href":"https:\/\/diariodigitalmx.com\/index.php\/wp-json\/wp\/v2\/posts\/123389"}],"collection":[{"href":"https:\/\/diariodigitalmx.com\/index.php\/wp-json\/wp\/v2\/posts"}],"about":[{"href":"https:\/\/diariodigitalmx.com\/index.php\/wp-json\/wp\/v2\/types\/post"}],"author":[{"embeddable":true,"href":"https:\/\/diariodigitalmx.com\/index.php\/wp-json\/wp\/v2\/users\/1"}],"replies":[{"embeddable":true,"href":"https:\/\/diariodigitalmx.com\/index.php\/wp-json\/wp\/v2\/comments?post=123389"}],"version-history":[{"count":1,"href":"https:\/\/diariodigitalmx.com\/index.php\/wp-json\/wp\/v2\/posts\/123389\/revisions"}],"predecessor-version":[{"id":123390,"href":"https:\/\/diariodigitalmx.com\/index.php\/wp-json\/wp\/v2\/posts\/123389\/revisions\/123390"}],"wp:featuredmedia":[{"embeddable":true,"href":"https:\/\/diariodigitalmx.com\/index.php\/wp-json\/wp\/v2\/media\/123391"}],"wp:attachment":[{"href":"https:\/\/diariodigitalmx.com\/index.php\/wp-json\/wp\/v2\/media?parent=123389"}],"wp:term":[{"taxonomy":"category","embeddable":true,"href":"https:\/\/diariodigitalmx.com\/index.php\/wp-json\/wp\/v2\/categories?post=123389"},{"taxonomy":"post_tag","embeddable":true,"href":"https:\/\/diariodigitalmx.com\/index.php\/wp-json\/wp\/v2\/tags?post=123389"}],"curies":[{"name":"wp","href":"https:\/\/api.w.org\/{rel}","templated":true}]}}