{"id":123401,"date":"2024-08-31T19:06:18","date_gmt":"2024-09-01T00:06:18","guid":{"rendered":"https:\/\/diariodigitalmx.com\/?p=123401"},"modified":"2024-08-31T19:11:54","modified_gmt":"2024-09-01T00:11:54","slug":"salvado-samuel-garcia-le-dan-suspension-provisional-y-no-podran-inhabilitarlo","status":"publish","type":"post","link":"https:\/\/diariodigitalmx.com\/index.php\/2024\/08\/31\/salvado-samuel-garcia-le-dan-suspension-provisional-y-no-podran-inhabilitarlo\/","title":{"rendered":"Salvado Samuel Garc\u00eda?; le dan suspensi\u00f3n provisional y no podr\u00e1n inhabilitarlo"},"content":{"rendered":"\n<p>Monterrey . &#8211; El gobernador Samuel Garc\u00eda consigui\u00f3 una protecci\u00f3n legal para evitar que el Congreso local lo inhabilite para separarlo del cargo dentro del juicio pol\u00edtico que el Poder Legislativo tiene en su contra.<\/p>\n\n\n\n<p>De acuerdo a la informaci\u00f3n, la Suprema Corte de Justicia otorg\u00f3 el viernes una suspensi\u00f3n provisional al Gobernador Samuel Garc\u00eda, que lo protege contra una eventual separaci\u00f3n o inhabilitaci\u00f3n del cargo, dentro del juicio pol\u00edtico que le sigue el Congreso local.<\/p>\n\n\n\n<p>&#8220;Procede conceder la suspensi\u00f3n, \u00fanica y exclusivamente, para que no se ejecute ninguna determinaci\u00f3n derivada del Juicio pol\u00edtico en cuesti\u00f3n, en la que se decrete la separaci\u00f3n del cargo del Gobernador del Estado o la inhabilitaci\u00f3n para desempe\u00f1ar tal funci\u00f3n&#8221;, se\u00f1ala el acuerdo del ministro instructor, Jorge Mario Pardo Rebolledo.<\/p>\n\n\n\n<p>La suspensi\u00f3n deriva de la controversia constitucional 249\/2024 promovida por el Garc\u00eda Sep\u00falveda, que no impide la continuidad del proceso de juicio pol\u00edtico, salvo la separaci\u00f3n o inhabilitaci\u00f3n.<\/p>\n\n\n\n<p>El gobernador de Nuevo Le\u00f3n tiene dos juicios pol\u00edticos promovidos por diputados federales del PAN y del PRI, por no presentar el presupuesto 2023 y 2024 del estado, y por la no publicaci\u00f3n de decretos en el Peri\u00f3dico Oficial del Estado y que hab\u00edan sido aprobados por los diputados.<\/p>\n\n\n\n<p>Sin embargo, los juicios pueden continuar pero no se podr\u00e1 inhabilitar al gobernante ya que el Congreso queda impedido para dar un fallo.<\/p>\n\n\n\n<p>Por m\u00e1s de dos a\u00f1os el gobernador y los diputados de oposici\u00f3n del PRIAN que son mayor\u00eda han sostenido enfrentamientos por diversos asuntos que, han llevado a los diversos tribunales.<\/p>\n\n\n\n<p>La actual legislatura local concluy\u00f3 labores este s\u00e1bado 31 de agosto y ser\u00e1 la siguiente, la n\u00famero 77 que inicia este domingo 1 quien sigan con los juicios pol\u00edticos.<\/p>\n\n\n\n<p>Los diputados dejan m\u00e1s de mil 700 expedientes sin resolver, que fueron turnados a comisiones, debido al problema entre ambos poderes, y en cuya legislatura los diputados de Movimiento Ciudadano dejaron de asistir a las sesiones desee febrero pasado.<\/p>\n","protected":false},"excerpt":{"rendered":"<p>Monterrey . &#8211; El gobernador Samuel Garc\u00eda consigui\u00f3 una protecci\u00f3n legal para evitar que el Congreso local lo inhabilite para separarlo del cargo dentro del juicio pol\u00edtico que el Poder Legislativo tiene en su contra. De acuerdo a la informaci\u00f3n, la Suprema Corte de Justicia otorg\u00f3 el viernes una suspensi\u00f3n provisional al Gobernador Samuel Garc\u00eda, [&hellip;]<\/p>\n","protected":false},"author":1,"featured_media":123403,"comment_status":"open","ping_status":"open","sticky":false,"template":"","format":"standard","meta":{"footnotes":""},"categories":[6,3,1],"tags":[],"_links":{"self":[{"href":"https:\/\/diariodigitalmx.com\/index.php\/wp-json\/wp\/v2\/posts\/123401"}],"collection":[{"href":"https:\/\/diariodigitalmx.com\/index.php\/wp-json\/wp\/v2\/posts"}],"about":[{"href":"https:\/\/diariodigitalmx.com\/index.php\/wp-json\/wp\/v2\/types\/post"}],"author":[{"embeddable":true,"href":"https:\/\/diariodigitalmx.com\/index.php\/wp-json\/wp\/v2\/users\/1"}],"replies":[{"embeddable":true,"href":"https:\/\/diariodigitalmx.com\/index.php\/wp-json\/wp\/v2\/comments?post=123401"}],"version-history":[{"count":2,"href":"https:\/\/diariodigitalmx.com\/index.php\/wp-json\/wp\/v2\/posts\/123401\/revisions"}],"predecessor-version":[{"id":123404,"href":"https:\/\/diariodigitalmx.com\/index.php\/wp-json\/wp\/v2\/posts\/123401\/revisions\/123404"}],"wp:featuredmedia":[{"embeddable":true,"href":"https:\/\/diariodigitalmx.com\/index.php\/wp-json\/wp\/v2\/media\/123403"}],"wp:attachment":[{"href":"https:\/\/diariodigitalmx.com\/index.php\/wp-json\/wp\/v2\/media?parent=123401"}],"wp:term":[{"taxonomy":"category","embeddable":true,"href":"https:\/\/diariodigitalmx.com\/index.php\/wp-json\/wp\/v2\/categories?post=123401"},{"taxonomy":"post_tag","embeddable":true,"href":"https:\/\/diariodigitalmx.com\/index.php\/wp-json\/wp\/v2\/tags?post=123401"}],"curies":[{"name":"wp","href":"https:\/\/api.w.org\/{rel}","templated":true}]}}