{"id":124134,"date":"2024-09-20T07:50:01","date_gmt":"2024-09-20T12:50:01","guid":{"rendered":"https:\/\/diariodigitalmx.com\/?p=124134"},"modified":"2024-09-20T07:51:50","modified_gmt":"2024-09-20T12:51:50","slug":"neoliberalismo-vs-austeridad","status":"publish","type":"post","link":"https:\/\/diariodigitalmx.com\/index.php\/2024\/09\/20\/neoliberalismo-vs-austeridad\/","title":{"rendered":"Neoliberalismo vs. Austeridad"},"content":{"rendered":"\n<p>Por Gerardo Guerrero<\/p>\n\n\n\n<p>El debate sobre las pol\u00edticas econ\u00f3micas en M\u00e9xico ha estado marcado por dos enfoques contrastantes: el neoliberalismo, implementado durante los a\u00f1os 90 bajo presidentes como Carlos Salinas de Gortari, y el modelo de austeridad y redistribuci\u00f3n impulsado por el actual presidente Andr\u00e9s Manuel L\u00f3pez Obrador (AMLO). Ambos paradigmas han dejado profundas huellas en el pa\u00eds, pero la pregunta sigue siendo: \u00bfcu\u00e1l es el m\u00e1s adecuado para M\u00e9xico en el largo plazo?<\/p>\n\n\n\n<p><strong>El Neoliberalismo: Crecimiento con desigualdad<\/strong><\/p>\n\n\n\n<p>Durante el gobierno de Carlos Salinas de Gortari, M\u00e9xico adopt\u00f3 un ambicioso proyecto de reformas neoliberales. La apertura al capital extranjero y la privatizaci\u00f3n de empresas estatales fueron piezas clave de su estrategia, cuyo objetivo era atraer inversi\u00f3n internacional y modernizar la infraestructura del pa\u00eds. La firma del Tratado de Libre Comercio de Am\u00e9rica del Norte (TLCAN) en 1994 consolid\u00f3 a M\u00e9xico como un actor global, beneficiando principalmente a industrias como la automotriz y la maquiladora.<\/p>\n\n\n\n<p>El crecimiento econ\u00f3mico durante esta etapa fue notable, y sectores como la energ\u00eda, telecomunicaciones y transporte fueron modernizados. Las inversiones extranjeras, as\u00ed como la construcci\u00f3n de redes de carreteras y ferrocarriles, mejoraron la competitividad del pa\u00eds en el mercado global. Sin embargo, estos logros no estuvieron acompa\u00f1ados de una redistribuci\u00f3n equitativa de la riqueza. La privatizaci\u00f3n de sectores clave favoreci\u00f3 a las \u00e9lites econ\u00f3micas, concentrando la riqueza en unos pocos y dejando fuera a la mayor\u00eda de la poblaci\u00f3n, especialmente a las clases trabajadoras y rurales.<\/p>\n\n\n\n<p>Aunque el modelo neoliberal permiti\u00f3 a M\u00e9xico integrarse en la econom\u00eda global, tambi\u00e9n agudiz\u00f3 las desigualdades sociales y econ\u00f3micas, profundizando la concentraci\u00f3n del poder econ\u00f3mico en manos de unos cuantos.<\/p>\n\n\n\n<p><strong>Austeridad y programas sociales: Un camino incierto<\/strong><\/p>\n\n\n\n<p>En contraposici\u00f3n, AMLO ha propuesto un modelo basado en la austeridad y la redistribuci\u00f3n de la riqueza, cuyo objetivo es reducir las desigualdades. Este modelo ha priorizado programas sociales destinados a los sectores m\u00e1s vulnerables, tales como becas para j\u00f3venes, pensiones para adultos mayores y subsidios directos a familias en pobreza extrema. Sin embargo, los resultados han sido mixtos.<\/p>\n\n\n\n<p>La pol\u00edtica de austeridad, aunque dirigida a reducir los gastos del gobierno, ha debilitado \u00e1reas clave como la salud y la educaci\u00f3n. Los recortes presupuestales han provocado la falta de medicamentos y equipo en hospitales p\u00fablicos, mientras que en el sector educativo, la reducci\u00f3n de fondos ha impactado la calidad de la ense\u00f1anza y el acceso a infraestructura adecuada. En lugar de mejorar la situaci\u00f3n de los sectores m\u00e1s pobres, la austeridad ha limitado las capacidades del Estado para proporcionar servicios p\u00fablicos de calidad.<\/p>\n\n\n\n<p>En t\u00e9rminos de crecimiento econ\u00f3mico, M\u00e9xico ha enfrentado desaf\u00edos significativos. El Producto Interno Bruto (PIB) ha crecido de manera lenta, en algunos periodos apenas alcanzando el 0.2%, y la deuda p\u00fablica ha incrementado hasta el 48.8% del PIB. La falta de inversi\u00f3n extranjera y la incertidumbre econ\u00f3mica han limitado la creaci\u00f3n de empleos y frenado el desarrollo. A pesar de los esfuerzos redistributivos, la pobreza extrema ha aumentado, y los programas sociales no han logrado revertir esta tendencia de manera sostenible.<\/p>\n\n\n\n<p><strong>Comparaci\u00f3n de modelos: Fortalezas y debilidades<\/strong><\/p>\n\n\n\n<p>El neoliberalismo de Salinas de Gortari, aunque impuls\u00f3 el crecimiento econ\u00f3mico y moderniz\u00f3 sectores estrat\u00e9gicos, lo hizo a costa de una creciente desigualdad social. La integraci\u00f3n de M\u00e9xico en la econom\u00eda global gener\u00f3 beneficios econ\u00f3micos significativos, pero esos beneficios fueron distribuidos de manera desigual, beneficiando mayormente a las \u00e9lites y marginando a los sectores m\u00e1s pobres.<\/p>\n\n\n\n<p>Por otro lado, la austeridad y redistribuci\u00f3n de AMLO han buscado corregir estas desigualdades, pero sin un crecimiento econ\u00f3mico sostenido, las pol\u00edticas redistributivas han sido insuficientes para abordar los problemas estructurales de la econom\u00eda mexicana. El bajo crecimiento y la falta de inversi\u00f3n han afectado la capacidad del pa\u00eds para generar empleo y mejorar las condiciones de vida de la poblaci\u00f3n a largo plazo.<\/p>\n\n\n\n<p><strong>Reflexi\u00f3n final: Hacia un nuevo equilibrio<\/strong><\/p>\n\n\n\n<p>El reto para M\u00e9xico no es elegir entre neoliberalismo y austeridad redistributiva, sino encontrar un modelo econ\u00f3mico que combine lo mejor de ambos enfoques. Los logros del neoliberalismo en t\u00e9rminos de crecimiento econ\u00f3mico y modernizaci\u00f3n, como la apertura al comercio internacional y las inversiones en infraestructura, no pueden ser ignorados. Sin embargo, es necesario que estos avances se acompa\u00f1en de pol\u00edticas que garanticen una redistribuci\u00f3n m\u00e1s equitativa de la riqueza y que no marginen a los sectores m\u00e1s vulnerables.<\/p>\n\n\n\n<p>El modelo de AMLO ha intentado corregir las desigualdades mediante programas sociales, pero su enfoque en la austeridad ha limitado la capacidad del Estado para ofrecer servicios p\u00fablicos de calidad y promover el crecimiento econ\u00f3mico. Para construir un futuro m\u00e1s justo y pr\u00f3spero, M\u00e9xico debe encontrar un equilibrio entre crecimiento e inclusi\u00f3n social.<\/p>\n\n\n\n<p>Un elemento clave para lograr este equilibrio es la creaci\u00f3n de un marco legal que asegure la responsabilidad de los gobernantes. El cambio real solo puede surgir si existe un grupo con conocimiento y asesor\u00eda legal que redacte una declaraci\u00f3n clara de los derechos humanos en M\u00e9xico y una versi\u00f3n actualizada y correcta de la Constituci\u00f3n. Ninguna sociedad equitativa puede existir sin un contrato legal que garantice que los pol\u00edticos, hasta ahora poco interesados en el bienestar com\u00fan, sean obligados a rendir cuentas. En un pa\u00eds que actualmente carece de un verdadero estado de derecho, esta iniciativa es m\u00e1s urgente que nunca.<\/p>\n\n\n\n<p>M\u00e9xico necesita pol\u00edticas que no solo atraigan inversi\u00f3n y modernicen su econom\u00eda, sino que tambi\u00e9n aseguren que los beneficios lleguen a toda la poblaci\u00f3n. Esto implica desarrollar una estrategia que fomente tanto el crecimiento econ\u00f3mico como la justicia social. Un enfoque m\u00e1s integral permitir\u00eda que M\u00e9xico aprenda de los errores del pasado y evite tanto los excesos del neoliberalismo como las limitaciones de la austeridad.<\/p>\n\n\n\n<p><strong>Preguntas clave para el futuro de M\u00e9xico<\/strong><\/p>\n\n\n\n<p>1. \u00bfEs posible que las pol\u00edticas de austeridad y redistribuci\u00f3n, a pesar de sus intenciones, perpet\u00faen una estructura de dependencia que impida el verdadero desarrollo econ\u00f3mico en M\u00e9xico?<\/p>\n\n\n\n<p>2. \u00bfHasta qu\u00e9 punto el crecimiento econ\u00f3mico se puede considerar leg\u00edtimo si se logra a expensas de la justicia social y el bienestar de la mayor\u00eda de la poblaci\u00f3n?<\/p>\n\n\n\n<p>Comparte ahora mismo \ud83c\udf10<\/p>\n\n\n\n<p>Deja tu comentario \ud83d\udcac<\/p>\n\n\n\n<p><a href=\"https:\/\/www.facebook.com\/davidguerrerogtz\">https:\/\/www.facebook.com\/davidguerrerogtz<\/a><\/p>\n\n\n\n<figure class=\"wp-block-embed is-type-rich is-provider-twitter wp-block-embed-twitter\"><div class=\"wp-block-embed__wrapper\">\n<a class=\"twitter-timeline\" data-width=\"640\" data-height=\"960\" data-dnt=\"true\" href=\"https:\/\/twitter.com\/Gera__Guerrero?ref_src=twsrc%5Etfw\">Tweets by Gera__Guerrero<\/a><script async src=\"https:\/\/platform.twitter.com\/widgets.js\" charset=\"utf-8\"><\/script>\n<\/div><\/figure>\n","protected":false},"excerpt":{"rendered":"<p>Por Gerardo Guerrero El debate sobre las pol\u00edticas econ\u00f3micas en M\u00e9xico ha estado marcado por dos enfoques contrastantes: el neoliberalismo, implementado durante los a\u00f1os 90 bajo presidentes como Carlos Salinas de Gortari, y el modelo de austeridad y redistribuci\u00f3n impulsado por el actual presidente Andr\u00e9s Manuel L\u00f3pez Obrador (AMLO). Ambos paradigmas han dejado profundas huellas [&hellip;]<\/p>\n","protected":false},"author":1,"featured_media":123892,"comment_status":"open","ping_status":"open","sticky":true,"template":"","format":"standard","meta":{"footnotes":""},"categories":[12,5],"tags":[],"_links":{"self":[{"href":"https:\/\/diariodigitalmx.com\/index.php\/wp-json\/wp\/v2\/posts\/124134"}],"collection":[{"href":"https:\/\/diariodigitalmx.com\/index.php\/wp-json\/wp\/v2\/posts"}],"about":[{"href":"https:\/\/diariodigitalmx.com\/index.php\/wp-json\/wp\/v2\/types\/post"}],"author":[{"embeddable":true,"href":"https:\/\/diariodigitalmx.com\/index.php\/wp-json\/wp\/v2\/users\/1"}],"replies":[{"embeddable":true,"href":"https:\/\/diariodigitalmx.com\/index.php\/wp-json\/wp\/v2\/comments?post=124134"}],"version-history":[{"count":2,"href":"https:\/\/diariodigitalmx.com\/index.php\/wp-json\/wp\/v2\/posts\/124134\/revisions"}],"predecessor-version":[{"id":124136,"href":"https:\/\/diariodigitalmx.com\/index.php\/wp-json\/wp\/v2\/posts\/124134\/revisions\/124136"}],"wp:featuredmedia":[{"embeddable":true,"href":"https:\/\/diariodigitalmx.com\/index.php\/wp-json\/wp\/v2\/media\/123892"}],"wp:attachment":[{"href":"https:\/\/diariodigitalmx.com\/index.php\/wp-json\/wp\/v2\/media?parent=124134"}],"wp:term":[{"taxonomy":"category","embeddable":true,"href":"https:\/\/diariodigitalmx.com\/index.php\/wp-json\/wp\/v2\/categories?post=124134"},{"taxonomy":"post_tag","embeddable":true,"href":"https:\/\/diariodigitalmx.com\/index.php\/wp-json\/wp\/v2\/tags?post=124134"}],"curies":[{"name":"wp","href":"https:\/\/api.w.org\/{rel}","templated":true}]}}