{"id":124146,"date":"2024-09-20T11:49:29","date_gmt":"2024-09-20T16:49:29","guid":{"rendered":"https:\/\/diariodigitalmx.com\/?p=124146"},"modified":"2024-09-20T11:50:20","modified_gmt":"2024-09-20T16:50:20","slug":"vivir-entre-montanas-es-sonar-con-tocar-el-cielo-teniendo-los-pies-puestos-en-la-tierra","status":"publish","type":"post","link":"https:\/\/diariodigitalmx.com\/index.php\/2024\/09\/20\/vivir-entre-montanas-es-sonar-con-tocar-el-cielo-teniendo-los-pies-puestos-en-la-tierra\/","title":{"rendered":"Vivir entre monta\u00f1as es so\u00f1ar con tocar el cielo teniendo los pies puestos en la tierra"},"content":{"rendered":"\n<p>Por Azucena de Jos\u00e9<\/p>\n\n\n\n<p>El 20 de septiembre de 1596 se dio la fundaci\u00f3n definitiva (despu\u00e9s de 2 intentos previos) a cargo de Don Diego de Montemayor, de la ciudad de Monterrey.<\/p>\n\n\n\n<p>Qu\u00e9 cosa tan bonita siento cuando paso por el Cerro de la Silla y lo veo erigirse imponente, como un trono para que desde ese Monte gobierne el Rey.<\/p>\n\n\n\n<p>Diariamente paso por el Ca\u00f1\u00f3n del Huajuco y la Sierra Madre Oriental y Occidental me flanquean como escoltas a derecha e izquierda hasta que llego a mi hogar en el valle de Santiago.<\/p>\n\n\n\n<p>No puedo evitar pensar en todos aquellos hombres que subieron a los monte para tener un encuentro con Dios viendo que la tierra de Su creaci\u00f3n es el estrado de sus pies, pero que el cielo son sus promesas infinitas y eternas para nosotros.<\/p>\n\n\n\n<p>\u00bfHace cuanto que no contemplas Su majestad a trav\u00e9s de la naturaleza y le adoras como el Dise\u00f1ador de todo?<\/p>\n\n\n\n<p>Caleb esper\u00f3 pacientemente en el desierto a que llegara el tiempo de la conquista que Dios le prometi\u00f3, no fue su edad ni su vigor el que lo motiv\u00f3 a perseverar y luchar por \u00e9l, sino su fe en lo que Dios le hab\u00eda prometido.<\/p>\n\n\n\n<p>Bendito Monterrey, hoy me levanto como Caleb a pedirle a Dios que me entregue esta tierra para Su gloria.<\/p>\n\n\n\n<p><em>Dame, pues, ahora este monte, del cual habl\u00f3 Jehov\u00e1 aquel d\u00eda; porque t\u00fa o\u00edste en aquel d\u00eda que los anaceos est\u00e1n all\u00ed, y que hay ciudades grandes y fortificadas. Quiz\u00e1 Jehov\u00e1 estar\u00e1 conmigo, y los echar\u00e9, como Jehov\u00e1 ha dicho. Josu\u00e9 14:12<\/em><\/p>\n\n\n\n<p>Han pasado m\u00e1s de 428 a\u00f1os en que los jud\u00edos sefarditas llegaron a esta tierra prometida, Se\u00f1or, hoy queremos tomar posesi\u00f3n espiritual de ella para que Tu Hijo Jesucristo gobierne, que comience el Nuevo Reino de Le\u00f3n.<\/p>\n","protected":false},"excerpt":{"rendered":"<p>Por Azucena de Jos\u00e9 El 20 de septiembre de 1596 se dio la fundaci\u00f3n definitiva (despu\u00e9s de 2 intentos previos) a cargo de Don Diego de Montemayor, de la ciudad de Monterrey. Qu\u00e9 cosa tan bonita siento cuando paso por el Cerro de la Silla y lo veo erigirse imponente, como un trono para que [&hellip;]<\/p>\n","protected":false},"author":1,"featured_media":124148,"comment_status":"open","ping_status":"open","sticky":true,"template":"","format":"standard","meta":{"footnotes":""},"categories":[12,5],"tags":[],"_links":{"self":[{"href":"https:\/\/diariodigitalmx.com\/index.php\/wp-json\/wp\/v2\/posts\/124146"}],"collection":[{"href":"https:\/\/diariodigitalmx.com\/index.php\/wp-json\/wp\/v2\/posts"}],"about":[{"href":"https:\/\/diariodigitalmx.com\/index.php\/wp-json\/wp\/v2\/types\/post"}],"author":[{"embeddable":true,"href":"https:\/\/diariodigitalmx.com\/index.php\/wp-json\/wp\/v2\/users\/1"}],"replies":[{"embeddable":true,"href":"https:\/\/diariodigitalmx.com\/index.php\/wp-json\/wp\/v2\/comments?post=124146"}],"version-history":[{"count":1,"href":"https:\/\/diariodigitalmx.com\/index.php\/wp-json\/wp\/v2\/posts\/124146\/revisions"}],"predecessor-version":[{"id":124147,"href":"https:\/\/diariodigitalmx.com\/index.php\/wp-json\/wp\/v2\/posts\/124146\/revisions\/124147"}],"wp:featuredmedia":[{"embeddable":true,"href":"https:\/\/diariodigitalmx.com\/index.php\/wp-json\/wp\/v2\/media\/124148"}],"wp:attachment":[{"href":"https:\/\/diariodigitalmx.com\/index.php\/wp-json\/wp\/v2\/media?parent=124146"}],"wp:term":[{"taxonomy":"category","embeddable":true,"href":"https:\/\/diariodigitalmx.com\/index.php\/wp-json\/wp\/v2\/categories?post=124146"},{"taxonomy":"post_tag","embeddable":true,"href":"https:\/\/diariodigitalmx.com\/index.php\/wp-json\/wp\/v2\/tags?post=124146"}],"curies":[{"name":"wp","href":"https:\/\/api.w.org\/{rel}","templated":true}]}}