{"id":124216,"date":"2024-09-23T10:10:04","date_gmt":"2024-09-23T15:10:04","guid":{"rendered":"https:\/\/diariodigitalmx.com\/?p=124216"},"modified":"2024-09-23T10:13:05","modified_gmt":"2024-09-23T15:13:05","slug":"el-milagro-bajo-los-tres-palos-la-vida-de-moises-munoz","status":"publish","type":"post","link":"https:\/\/diariodigitalmx.com\/index.php\/2024\/09\/23\/el-milagro-bajo-los-tres-palos-la-vida-de-moises-munoz\/","title":{"rendered":"El milagro bajo los tres palos: la vida de Mois\u00e9s Mu\u00f1oz"},"content":{"rendered":"\n<figure class=\"wp-block-video\"><video controls src=\"http:\/\/diariodigitalmx.com\/wp-content\/uploads\/2024\/09\/VID-20240917-WA0172.mp4\"><\/video><\/figure>\n\n\n\n<p>Charlas se taberna <\/p>\n\n\n\n<p>Marcos H. Valerio<\/p>\n\n\n\n<p>La carrera de Mois\u00e9s Mu\u00f1oz ha sido una monta\u00f1a rusa de emociones, logros y momentos inolvidables, pero si algo ha definido su legado es la pasi\u00f3n y el compromiso por el f\u00fatbol.<\/p>\n\n\n\n<p>El hombre conocido como &#8220;El arquero del milagro&#8221; no solo dej\u00f3 su huella en los clubes donde milit\u00f3, sino tambi\u00e9n en la memoria de todos los aficionados del f\u00fatbol mexicano.<\/p>\n\n\n\n<figure class=\"wp-block-image size-full\"><img loading=\"lazy\" decoding=\"async\" width=\"666\" height=\"881\" src=\"https:\/\/diariodigitalmx.com\/wp-content\/uploads\/2024\/09\/IMG-20240917-WA0175.jpg\" alt=\"\" class=\"wp-image-124219\" srcset=\"https:\/\/diariodigitalmx.com\/wp-content\/uploads\/2024\/09\/IMG-20240917-WA0175.jpg 666w, https:\/\/diariodigitalmx.com\/wp-content\/uploads\/2024\/09\/IMG-20240917-WA0175-227x300.jpg 227w\" sizes=\"(max-width: 666px) 100vw, 666px\" \/><\/figure>\n\n\n\n<p>Hablar de Mois\u00e9s Mu\u00f1oz es evocar aquellas tardes de gloria en las que el arco parec\u00eda inquebrantable. Uno de los momentos que m\u00e1s recuerda con orgullo es el honor de portar la camiseta de la selecci\u00f3n mexicana. &#8220;Representa todo&#8221;, confiesa con una sonrisa, y no es para menos. Defender los colores de su pa\u00eds en el campo de juego es, para \u00e9l, una experiencia que trasciende lo meramente futbol\u00edstico.<\/p>\n\n\n\n<p>&#8220;No te pagan por jugar en la selecci\u00f3n, pero es todo&#8221;, afirma, dejando claro que el privilegio de representar a M\u00e9xico va mucho m\u00e1s all\u00e1 del dinero.<\/p>\n\n\n\n<figure class=\"wp-block-image size-large\"><img loading=\"lazy\" decoding=\"async\" width=\"686\" height=\"1024\" src=\"https:\/\/diariodigitalmx.com\/wp-content\/uploads\/2024\/09\/IMG-20240917-WA0176-686x1024.jpg\" alt=\"\" class=\"wp-image-124221\" srcset=\"https:\/\/diariodigitalmx.com\/wp-content\/uploads\/2024\/09\/IMG-20240917-WA0176-686x1024.jpg 686w, https:\/\/diariodigitalmx.com\/wp-content\/uploads\/2024\/09\/IMG-20240917-WA0176-201x300.jpg 201w, https:\/\/diariodigitalmx.com\/wp-content\/uploads\/2024\/09\/IMG-20240917-WA0176.jpg 707w\" sizes=\"(max-width: 686px) 100vw, 686px\" \/><\/figure>\n\n\n\n<p>En su memoria, los partidos m\u00e1s intensos y decisivos vuelven a tomar vida. Aquella final que les dio el pase a la Copa Confederaci\u00f3n es, as\u00ed como el repechaje contra Nueva Zelanda que les asegur\u00f3 un lugar en el Mundial de Brasil 2014, o aquel amistoso contra Argentina, que de amistoso solo ten\u00eda el nombre, son solo algunos de los momentos que Mois\u00e9s evoca con cari\u00f1o.<\/p>\n\n\n\n<p>Para \u00e9l, cada partido fue una batalla, una oportunidad de demostrar por qu\u00e9 amaba tanto el f\u00fatbol, su mayor pasi\u00f3n en la vida.<\/p>\n\n\n\n<figure class=\"wp-block-image size-full\"><img loading=\"lazy\" decoding=\"async\" width=\"764\" height=\"713\" src=\"https:\/\/diariodigitalmx.com\/wp-content\/uploads\/2024\/09\/IMG-20240917-WA0171.jpg\" alt=\"\" class=\"wp-image-124222\" srcset=\"https:\/\/diariodigitalmx.com\/wp-content\/uploads\/2024\/09\/IMG-20240917-WA0171.jpg 764w, https:\/\/diariodigitalmx.com\/wp-content\/uploads\/2024\/09\/IMG-20240917-WA0171-300x280.jpg 300w\" sizes=\"(max-width: 764px) 100vw, 764px\" \/><\/figure>\n\n\n\n<p>Desde los inicios en las filas del Monarcas Morelia, pasando por Atlante, Am\u00e9rica, Chiapas y Puebla, cada club fue testigo de su crecimiento, de su evoluci\u00f3n como portero y como l\u00edder en la cancha.<\/p>\n\n\n\n<p>Pero su verdadera consagraci\u00f3n lleg\u00f3 cuando se convirti\u00f3 en un referente de la selecci\u00f3n nacional. &#8220;Portar la camiseta verde es una de las mejores experiencias que he vivido&#8221;, dice, con la convicci\u00f3n de alguien que ha entregado todo por su pa\u00eds.<\/p>\n\n\n\n<p>Mois\u00e9s Mu\u00f1oz, m\u00e1s all\u00e1 de sus haza\u00f1as, nos recuerda que el f\u00fatbol no es solo un deporte, es una forma de vida, una pasi\u00f3n que se lleva en el alma y que, aunque los aplausos eventualmente se apaguen, el amor por el juego nunca muere.<\/p>\n","protected":false},"excerpt":{"rendered":"<p>Charlas se taberna Marcos H. Valerio La carrera de Mois\u00e9s Mu\u00f1oz ha sido una monta\u00f1a rusa de emociones, logros y momentos inolvidables, pero si algo ha definido su legado es la pasi\u00f3n y el compromiso por el f\u00fatbol. El hombre conocido como &#8220;El arquero del milagro&#8221; no solo dej\u00f3 su huella en los clubes donde [&hellip;]<\/p>\n","protected":false},"author":1,"featured_media":124218,"comment_status":"open","ping_status":"open","sticky":true,"template":"","format":"standard","meta":{"footnotes":""},"categories":[8,14],"tags":[],"_links":{"self":[{"href":"https:\/\/diariodigitalmx.com\/index.php\/wp-json\/wp\/v2\/posts\/124216"}],"collection":[{"href":"https:\/\/diariodigitalmx.com\/index.php\/wp-json\/wp\/v2\/posts"}],"about":[{"href":"https:\/\/diariodigitalmx.com\/index.php\/wp-json\/wp\/v2\/types\/post"}],"author":[{"embeddable":true,"href":"https:\/\/diariodigitalmx.com\/index.php\/wp-json\/wp\/v2\/users\/1"}],"replies":[{"embeddable":true,"href":"https:\/\/diariodigitalmx.com\/index.php\/wp-json\/wp\/v2\/comments?post=124216"}],"version-history":[{"count":3,"href":"https:\/\/diariodigitalmx.com\/index.php\/wp-json\/wp\/v2\/posts\/124216\/revisions"}],"predecessor-version":[{"id":124226,"href":"https:\/\/diariodigitalmx.com\/index.php\/wp-json\/wp\/v2\/posts\/124216\/revisions\/124226"}],"wp:featuredmedia":[{"embeddable":true,"href":"https:\/\/diariodigitalmx.com\/index.php\/wp-json\/wp\/v2\/media\/124218"}],"wp:attachment":[{"href":"https:\/\/diariodigitalmx.com\/index.php\/wp-json\/wp\/v2\/media?parent=124216"}],"wp:term":[{"taxonomy":"category","embeddable":true,"href":"https:\/\/diariodigitalmx.com\/index.php\/wp-json\/wp\/v2\/categories?post=124216"},{"taxonomy":"post_tag","embeddable":true,"href":"https:\/\/diariodigitalmx.com\/index.php\/wp-json\/wp\/v2\/tags?post=124216"}],"curies":[{"name":"wp","href":"https:\/\/api.w.org\/{rel}","templated":true}]}}