{"id":124382,"date":"2024-09-26T23:08:53","date_gmt":"2024-09-27T04:08:53","guid":{"rendered":"https:\/\/diariodigitalmx.com\/?p=124382"},"modified":"2024-09-26T23:09:52","modified_gmt":"2024-09-27T04:09:52","slug":"ayotzinapa-martires-o-delincuentes-la-verdad-incomoda-que-nadie-quiere-discutir","status":"publish","type":"post","link":"https:\/\/diariodigitalmx.com\/index.php\/2024\/09\/26\/ayotzinapa-martires-o-delincuentes-la-verdad-incomoda-que-nadie-quiere-discutir\/","title":{"rendered":"Ayotzinapa: \u00bfM\u00e1rtires o delincuentes? La verdad inc\u00f3moda que nadie quiere discutir"},"content":{"rendered":"\n<p>Por Gerardo Guerrero<\/p>\n\n\n\n<p>El caso Ayotzinapa sigue siendo una herida abierta en el tejido social de M\u00e9xico. La desaparici\u00f3n de los 43 estudiantes de la Escuela Normal Rural &#8220;Ra\u00fal Isidro Burgos&#8221; ha sido ampliamente retratada como una tragedia que expone la corrupci\u00f3n y el poder de los c\u00e1rteles en el pa\u00eds. Pero, \u00bfqu\u00e9 pasa si nos atrevemos a cuestionar la narrativa dominante? Porque antes de que se convirtieran en v\u00edctimas de la brutalidad del Estado y del crimen organizado, los estudiantes de Ayotzinapa estaban involucrados en un crimen: el robo de camiones.<\/p>\n\n\n\n<p><strong>Robos de camiones: el punto de partida que no s\u00e9 toma en cuenta<\/strong><\/p>\n\n\n\n<p>El 26 de septiembre de 2014, los estudiantes secuestraron cinco autobuses: dos de Costa Line y tres de Estrella de Oro, todos veh\u00edculos de pasajeros. \u00bfEl prop\u00f3sito? Transportarse a la Ciudad de M\u00e9xico para una manifestaci\u00f3n. Hasta aqu\u00ed, lo que suena a un acto de resistencia pol\u00edtica se complica con un detalle: uno de esos camiones transportaba droga. Seg\u00fan investigaciones, esa carga pertenec\u00eda a Guerreros Unidos, el c\u00e1rtel que domina la regi\u00f3n. \u00bfSab\u00edan los estudiantes lo que llevaban? Seguramente no. Pero esa droga fue suficiente para desatar una cadena de eventos que desembocar\u00eda en su desaparici\u00f3n forzada.<\/p>\n\n\n\n<p>Es fundamental comenzar con esta realidad inc\u00f3moda: los estudiantes de Ayotzinapa no eran inocentes manifestantes v\u00edctimas de la violencia estatal desde el principio. La narrativa de &#8220;m\u00e1rtires&#8221; se desmorona cuando se reconoce que estaban robando camiones, una pr\u00e1ctica que hab\u00edan repetido muchas veces en el pasado. Entonces, la pregunta es inevitable: \u00bfsi no hubieran robado esos camiones, estar\u00edamos hablando de esta tragedia?<\/p>\n\n\n\n<p><strong>Inmunidad normalista: \u00bfjusticia social o delincuencia disfrazada?<\/strong><\/p>\n\n\n\n<p>No es la primera vez que los estudiantes de Ayotzinapa secuestran autobuses, vandalizan propiedades o bloquean carreteras en nombre de la &#8220;justicia social&#8221;. Durante a\u00f1os, la normal ha sido un semillero de activismo radical, pero tambi\u00e9n de impunidad. \u00bfQu\u00e9 justifica estas acciones? \u00bfEl esp\u00edritu revolucionario? \u00bfEl derecho a la protesta? La realidad es que muchos de estos actos rozan lo delincuencial. Y lo que es a\u00fan m\u00e1s alarmante es que la sociedad, e incluso el gobierno, parecen haber aceptado estas conductas como parte del &#8220;juego&#8221; de las protestas en M\u00e9xico.<\/p>\n\n\n\n<p>\u00bfSe sienten inmunes los estudiantes? S\u00ed. \u00bfLo son? Al parecer s\u00ed. A pesar de que cada a\u00f1o se repiten estos actos, no ha habido una respuesta contundente por parte de las autoridades. La pregunta que debemos hacernos es: \u00bfqui\u00e9n los protege? Y, m\u00e1s importante a\u00fan, \u00bfqu\u00e9 consecuencias tendr\u00e1 esta impunidad para futuras generaciones de activistas?<\/p>\n\n\n\n<p><strong>Polic\u00eda, Ej\u00e9rcito y c\u00e1rteles: la alianza del silencio<\/strong><\/p>\n\n\n\n<p>El papel de las autoridades en la desaparici\u00f3n de los 43 estudiantes es tan turbio como los r\u00edos de sangre que corren por Guerrero. Esa noche, la polic\u00eda municipal de Iguala, la polic\u00eda federal, y el Ej\u00e9rcito mexicano (en especial el 27 Batall\u00f3n de Infanter\u00eda) estuvieron presentes en los eventos. El Ej\u00e9rcito, de hecho, sab\u00eda lo que estaba ocurriendo. Existen reportes de infiltrado sobre dentro de los estudiantes que informaban directamente a los militares, pero el 27 Batall\u00f3n no intervino. \u00bfPor qu\u00e9?<\/p>\n\n\n\n<p>La \u201cfalta de acci\u00f3n\u201d por parte del Ej\u00e9rcito es uno de los enigmas m\u00e1s oscuros de este caso. \u00bfPor qu\u00e9 los militares observaron la desaparici\u00f3n de los estudiantes sin mover un dedo? \u00bfTen\u00edan \u00f3rdenes de no intervenir? Lo cierto es que el general Salvador Cienfuegos, entonces Secretario de Defensa, ha sido se\u00f1alado por haber encubierto lo sucedido. Pero, como en tantas otras tragedias mexicanas, la verdad se ha ocultado detr\u00e1s de la cortina de la impunidad militar.<\/p>\n\n\n\n<p>A esto se suma el papel de la polic\u00eda municipal, que seg\u00fan las investigaciones, entreg\u00f3 a los estudiantes al c\u00e1rtel de Guerreros Unidos. La narrativa oficial de Jes\u00fas Murillo Karam, conocida como la &#8220;verdad hist\u00f3rica&#8221;, fue que los estudiantes fueron asesinados y sus cuerpos incinerados en el basurero de Cocula. Sin embargo, esa versi\u00f3n ha sido completamente desmentida por pruebas cient\u00edficas y forenses. Entonces, \u00bfpor qu\u00e9 insisti\u00f3 el Estado en esa mentira? La respuesta podr\u00eda estar en la necesidad de encubrir las conexiones entre el Ej\u00e9rcito, el gobierno local y el c\u00e1rtel.<\/p>\n\n\n\n<p><strong>La sombra de Omar Garc\u00eda Harfuch<\/strong><\/p>\n\n\n\n<p>Otro nombre clave en este rompecabezas es Omar Garc\u00eda Harfuch. A lo largo de los a\u00f1os, Garc\u00eda Harfuch ha sido se\u00f1alado en varias investigaciones por su posible complicidad o al menos por su conocimiento de lo que ocurri\u00f3 esa noche. Si bien ha logrado construirse una imagen de &#8220;superpolic\u00eda&#8221; en la Ciudad de M\u00e9xico, su sombra en el caso Ayotzinapa no se desvanece tan f\u00e1cilmente.<\/p>\n\n\n\n<p>\u00bfPor qu\u00e9 Garc\u00eda Harfuch no actu\u00f3 con mayor contundencia? \u00bfQu\u00e9 informaci\u00f3n pose\u00eda sobre la coordinaci\u00f3n entre las autoridades y el crimen organizado? Aunque nunca ha sido formalmente implicado, su presencia en Guerrero durante aquellos d\u00edas cr\u00edticos es motivo suficiente para que su papel en este esc\u00e1ndalo se siga cuestionando.<\/p>\n\n\n\n<p>La cercan\u00eda de Garc\u00eda Harfuch con altos mandos militares y de seguridad, incluyendo a figuras como Tom\u00e1s Zer\u00f3n de Lucio,&nbsp; exjefe de la Agencia de Investigaci\u00f3n Criminal, quien hoy est\u00e1 pr\u00f3fugo de la justicia, plantea serias dudas sobre las redes de poder y complicidad que hicieron posible la desaparici\u00f3n de los 43 estudiantes.<\/p>\n\n\n\n<p><strong>El c\u00edrculo de la corrupci\u00f3n: Abarca, Pineda y Guerreros Unidos<\/strong><\/p>\n\n\n\n<p>Iguala era un polvor\u00edn a punto de estallar, y el alcalde Jos\u00e9 Luis Abarca y su esposa, Mar\u00eda de los \u00c1ngeles Pineda, estaban en el centro de esa bomba. Sus v\u00ednculos con Guerreros Unidos no eran un secreto para nadie. Abarca y Pineda dirig\u00edan Iguala como su propio feudo, mientras el c\u00e1rtel operaba con total impunidad. La noche de la desaparici\u00f3n de los estudiantes, Abarca fue informado de los hechos y dio luz verde para que la polic\u00eda actuara en consecuencia. \u00bfPor qu\u00e9? \u00bfQu\u00e9 estaba en juego esa noche?<\/p>\n\n\n\n<p>Pero no son los \u00fanicos con las manos manchadas de sangre. Federico Figueroa, hermano del fallecido cantante Joan Sebastian, tambi\u00e9n ha sido se\u00f1alado como parte del entramado delictivo en Guerrero. La relaci\u00f3n entre el crimen organizado y la pol\u00edtica local en el estado no es nueva, pero lo que sorprende es la falta de acci\u00f3n del Gobierno Federal, que parec\u00eda incapaz \u2014o tal vez desinteresado\u2014 de intervenir.<\/p>\n\n\n\n<p><strong>\u00bfY qu\u00e9 hemos aprendido? Absolutamente nada.<\/strong><\/p>\n\n\n\n<p>Despu\u00e9s de a\u00f1os de investigaciones, protestas y promesas de justicia, es imposible no preguntarse: \u00bfhemos aprendido algo de Ayotzinapa? La respuesta es un rotundo no. Los estudiantes de Ayotzinapa siguen robando camiones y vandalizando con la misma impunidad de siempre. \u00bfSe creen inmunes o realmente lo son? Lo que est\u00e1 claro es que no hay consecuencias. Ni para ellos, ni para los funcionarios responsables, ni para los militares que observaron \u201cimpasibles\u201d la desaparici\u00f3n de 43 j\u00f3venes.<\/p>\n\n\n\n<p>El caso Ayotzinapa no solo es un s\u00edmbolo de la violencia y la corrupci\u00f3n en M\u00e9xico, sino tambi\u00e9n un recordatorio de la falta de responsabilidad en todos los niveles. Los estudiantes fueron v\u00edctimas, s\u00ed. Pero tambi\u00e9n formaron parte de un sistema en el que la ilegalidad se tolera, se justifica y, en ocasiones, se celebra. Hasta que no nos atrevamos a cuestionar todos los aspectos de esta tragedia, seguiremos atrapados en el mismo ciclo de impunidad y violencia que nos llev\u00f3 hasta aqu\u00ed.<\/p>\n\n\n\n<p>M\u00e9xico sigue esperando la verdad. Pero, \u00bfestamos listos para aceptarla? Porque cuando se descubra todo, es probable que no nos guste lo que encontremos.<\/p>\n\n\n\n<p>Comparte ahora mismo \ud83c\udf10<\/p>\n\n\n\n<p>Deja tu comentario \ud83d\udcac<\/p>\n\n\n\n<p><a href=\"https:\/\/www.facebook.com\/davidguerrerogtz\">https:\/\/www.facebook.com\/davidguerrerogtz<\/a><\/p>\n\n\n\n<figure class=\"wp-block-embed is-type-rich is-provider-twitter wp-block-embed-twitter\"><div class=\"wp-block-embed__wrapper\">\n<a class=\"twitter-timeline\" data-width=\"640\" data-height=\"960\" data-dnt=\"true\" href=\"https:\/\/twitter.com\/Gera__Guerrero?ref_src=twsrc%5Etfw\">Tweets by Gera__Guerrero<\/a><script async src=\"https:\/\/platform.twitter.com\/widgets.js\" charset=\"utf-8\"><\/script>\n<\/div><\/figure>\n","protected":false},"excerpt":{"rendered":"<p>Por Gerardo Guerrero El caso Ayotzinapa sigue siendo una herida abierta en el tejido social de M\u00e9xico. La desaparici\u00f3n de los 43 estudiantes de la Escuela Normal Rural &#8220;Ra\u00fal Isidro Burgos&#8221; ha sido ampliamente retratada como una tragedia que expone la corrupci\u00f3n y el poder de los c\u00e1rteles en el pa\u00eds. Pero, \u00bfqu\u00e9 pasa si [&hellip;]<\/p>\n","protected":false},"author":1,"featured_media":123831,"comment_status":"open","ping_status":"open","sticky":true,"template":"","format":"standard","meta":{"footnotes":""},"categories":[12,5],"tags":[],"_links":{"self":[{"href":"https:\/\/diariodigitalmx.com\/index.php\/wp-json\/wp\/v2\/posts\/124382"}],"collection":[{"href":"https:\/\/diariodigitalmx.com\/index.php\/wp-json\/wp\/v2\/posts"}],"about":[{"href":"https:\/\/diariodigitalmx.com\/index.php\/wp-json\/wp\/v2\/types\/post"}],"author":[{"embeddable":true,"href":"https:\/\/diariodigitalmx.com\/index.php\/wp-json\/wp\/v2\/users\/1"}],"replies":[{"embeddable":true,"href":"https:\/\/diariodigitalmx.com\/index.php\/wp-json\/wp\/v2\/comments?post=124382"}],"version-history":[{"count":1,"href":"https:\/\/diariodigitalmx.com\/index.php\/wp-json\/wp\/v2\/posts\/124382\/revisions"}],"predecessor-version":[{"id":124383,"href":"https:\/\/diariodigitalmx.com\/index.php\/wp-json\/wp\/v2\/posts\/124382\/revisions\/124383"}],"wp:featuredmedia":[{"embeddable":true,"href":"https:\/\/diariodigitalmx.com\/index.php\/wp-json\/wp\/v2\/media\/123831"}],"wp:attachment":[{"href":"https:\/\/diariodigitalmx.com\/index.php\/wp-json\/wp\/v2\/media?parent=124382"}],"wp:term":[{"taxonomy":"category","embeddable":true,"href":"https:\/\/diariodigitalmx.com\/index.php\/wp-json\/wp\/v2\/categories?post=124382"},{"taxonomy":"post_tag","embeddable":true,"href":"https:\/\/diariodigitalmx.com\/index.php\/wp-json\/wp\/v2\/tags?post=124382"}],"curies":[{"name":"wp","href":"https:\/\/api.w.org\/{rel}","templated":true}]}}