{"id":1245,"date":"2019-03-19T15:40:34","date_gmt":"2019-03-19T21:40:34","guid":{"rendered":"http:\/\/diariodigitalmx.com\/?p=1245"},"modified":"2019-03-19T15:40:35","modified_gmt":"2019-03-19T21:40:35","slug":"vendera-cemex-activos-en-alemania","status":"publish","type":"post","link":"https:\/\/diariodigitalmx.com\/index.php\/2019\/03\/19\/vendera-cemex-activos-en-alemania\/","title":{"rendered":"Vender\u00e1 Cemex, activos en Alemania"},"content":{"rendered":"\n<p> La cementera mexicana internacional Cemex inform\u00f3 que alcanz\u00f3 un acuerdo vinculante para vender sus activos de agregados y\u00a0concreto en las regiones norte y noroeste de Alemania a GP G\u00fcnter Papenburg AG por aproximadamente\u00a087 millones de euros.<\/p>\n\n\n\n<p><br>\u00a0El consorcio cementero anticipa actualmente firmar un acuerdo final para la venta de estos activos durante abril de 2019\u00a0y concluir la desinversi\u00f3n durante el segundo trimestre de 2019.<\/p>\n\n\n\n<p><br>Los activos en Alemania que se est\u00e1n vendiendo consisten en 4 canteras de agregados y 4 plantas de\u00a0concreto en el norte de Alemania, y 9 canteras de agregados y 14 plantas de concreto en el noroeste de\u00a0Alemania, inform\u00f3 la empresa.<\/p>\n\n\n\n<p><br>Los recursos que se esperan obtener de esta desinversi\u00f3n ser\u00e1n utilizados principalmente para reducci\u00f3n\u00a0de deuda, as\u00ed como prop\u00f3sitos generales corporativos.<\/p>\n\n\n\n<p><br>Dijo la firma que el cierre de esta transacci\u00f3n est\u00e1 sujeto al cumplimiento de condiciones habituales para este tipo de\u00a0transacciones, las cuales incluyen la autorizaci\u00f3n de reguladores.<br><\/p>\n","protected":false},"excerpt":{"rendered":"<p>La cementera mexicana internacional Cemex inform\u00f3 que alcanz\u00f3 un acuerdo vinculante para vender sus activos de agregados y\u00a0concreto en las regiones norte y noroeste de Alemania a GP G\u00fcnter Papenburg AG por aproximadamente\u00a087 millones de euros. \u00a0El consorcio cementero anticipa actualmente firmar un acuerdo final para la venta de estos activos durante abril de 2019\u00a0y [&hellip;]<\/p>\n","protected":false},"author":1,"featured_media":1246,"comment_status":"open","ping_status":"open","sticky":true,"template":"","format":"standard","meta":{"footnotes":""},"categories":[10],"tags":[],"_links":{"self":[{"href":"https:\/\/diariodigitalmx.com\/index.php\/wp-json\/wp\/v2\/posts\/1245"}],"collection":[{"href":"https:\/\/diariodigitalmx.com\/index.php\/wp-json\/wp\/v2\/posts"}],"about":[{"href":"https:\/\/diariodigitalmx.com\/index.php\/wp-json\/wp\/v2\/types\/post"}],"author":[{"embeddable":true,"href":"https:\/\/diariodigitalmx.com\/index.php\/wp-json\/wp\/v2\/users\/1"}],"replies":[{"embeddable":true,"href":"https:\/\/diariodigitalmx.com\/index.php\/wp-json\/wp\/v2\/comments?post=1245"}],"version-history":[{"count":1,"href":"https:\/\/diariodigitalmx.com\/index.php\/wp-json\/wp\/v2\/posts\/1245\/revisions"}],"predecessor-version":[{"id":1247,"href":"https:\/\/diariodigitalmx.com\/index.php\/wp-json\/wp\/v2\/posts\/1245\/revisions\/1247"}],"wp:featuredmedia":[{"embeddable":true,"href":"https:\/\/diariodigitalmx.com\/index.php\/wp-json\/wp\/v2\/media\/1246"}],"wp:attachment":[{"href":"https:\/\/diariodigitalmx.com\/index.php\/wp-json\/wp\/v2\/media?parent=1245"}],"wp:term":[{"taxonomy":"category","embeddable":true,"href":"https:\/\/diariodigitalmx.com\/index.php\/wp-json\/wp\/v2\/categories?post=1245"},{"taxonomy":"post_tag","embeddable":true,"href":"https:\/\/diariodigitalmx.com\/index.php\/wp-json\/wp\/v2\/tags?post=1245"}],"curies":[{"name":"wp","href":"https:\/\/api.w.org\/{rel}","templated":true}]}}