{"id":124523,"date":"2024-09-29T22:49:21","date_gmt":"2024-09-30T03:49:21","guid":{"rendered":"https:\/\/diariodigitalmx.com\/?p=124523"},"modified":"2024-09-29T22:55:27","modified_gmt":"2024-09-30T03:55:27","slug":"presentan-libro-principios-del-capitalismo-social-en-la-feria-internacional-del-libro-de-monterrey","status":"publish","type":"post","link":"https:\/\/diariodigitalmx.com\/index.php\/2024\/09\/29\/presentan-libro-principios-del-capitalismo-social-en-la-feria-internacional-del-libro-de-monterrey\/","title":{"rendered":"Presentan libro \u201cPrincipios del Capitalismo Social\u201d en la Feria Internacional del Libro de Monterrey"},"content":{"rendered":"\n<p><\/p>\n\n\n\n<p>Monterrey.- En la Feria Internacional del Libro de Monterrey fue presentado al p\u00fablico el segundo libro \u2014 de una serie de tres \u2014 que aborda los principios del capitalismo social.&nbsp;<\/p>\n\n\n\n<p>La Iniciativa de Capitalismo Social del Centro Eugenio Garza Sada impulsa un modelo que genere desarrollo humano y econ\u00f3mico a la par. Los libros sobre los principios del Capitalismo Social surgen en el marco de este prop\u00f3sito.<\/p>\n\n\n\n<p>En el evento participaron Marinela Servitje, Presidenta de Sietecolores Ideas Interactivas; Federico Garza Santos, Presidente de Grupo Delta; y C\u00e9sar Salinas, Director del Centro de Informaci\u00f3n del Desarrollo Econ\u00f3mico y Social del Centro Eugenio Garza Sada.<\/p>\n\n\n\n<figure class=\"wp-block-image size-large\"><img loading=\"lazy\" decoding=\"async\" width=\"1024\" height=\"1024\" src=\"https:\/\/diariodigitalmx.com\/wp-content\/uploads\/2024\/09\/IMG_20240929_213409_177-1024x1024.webp\" alt=\"\" class=\"wp-image-124532\" srcset=\"https:\/\/diariodigitalmx.com\/wp-content\/uploads\/2024\/09\/IMG_20240929_213409_177-1024x1024.webp 1024w, https:\/\/diariodigitalmx.com\/wp-content\/uploads\/2024\/09\/IMG_20240929_213409_177-300x300.webp 300w, https:\/\/diariodigitalmx.com\/wp-content\/uploads\/2024\/09\/IMG_20240929_213409_177-150x150.webp 150w, https:\/\/diariodigitalmx.com\/wp-content\/uploads\/2024\/09\/IMG_20240929_213409_177-768x768.webp 768w, https:\/\/diariodigitalmx.com\/wp-content\/uploads\/2024\/09\/IMG_20240929_213409_177.webp 1080w\" sizes=\"(max-width: 1024px) 100vw, 1024px\" \/><\/figure>\n\n\n\n<p>El libro es el resultado de la colaboraci\u00f3n del Tec de Monterrey, la Universidad Aut\u00f3noma de Nuevo Le\u00f3n, la U-ERRE y el Centro Eugenio Garza Sada. La obra ahonda en los cuatro principios del Capitalismo Social: Libre Emprendimiento; Dignidad Humana; Compromiso Social y Liderazgo Humanista.&nbsp;<\/p>\n\n\n\n<p>Las plumas del libro fueron 5 autores pertenecientes a cuatro instituciones involucradas en la Iniciativa de Capitalismo Social. Los autores son Carlos Osoria, Maestro de Gobernanza y Derechos Humanos de la U-ERRE; Adelaido Garc\u00eda-Andr\u00e9s, economista e investigador en la Facultad de Trabajo Social y Desarrollo Urbano de la UANL; C\u00e9sar Salinas, Director del CIDES del Centro Eugenio Garza Sada y Pilar G\u00f3mez y David Ayala, profesores del Tec de Monterrey.<\/p>\n\n\n\n<p>Durante la presentaci\u00f3n se abordaron los principios del capitalismo social y c\u00f3mo estos contribuyen a la generaci\u00f3n del desarrollo econ\u00f3mico y social.\u00a0<\/p>\n\n\n\n<figure class=\"wp-block-image size-large\"><img loading=\"lazy\" decoding=\"async\" width=\"1024\" height=\"1024\" src=\"https:\/\/diariodigitalmx.com\/wp-content\/uploads\/2024\/09\/IMG_20240929_213409_234-1024x1024.webp\" alt=\"\" class=\"wp-image-124534\" srcset=\"https:\/\/diariodigitalmx.com\/wp-content\/uploads\/2024\/09\/IMG_20240929_213409_234-1024x1024.webp 1024w, https:\/\/diariodigitalmx.com\/wp-content\/uploads\/2024\/09\/IMG_20240929_213409_234-300x300.webp 300w, https:\/\/diariodigitalmx.com\/wp-content\/uploads\/2024\/09\/IMG_20240929_213409_234-150x150.webp 150w, https:\/\/diariodigitalmx.com\/wp-content\/uploads\/2024\/09\/IMG_20240929_213409_234-768x768.webp 768w, https:\/\/diariodigitalmx.com\/wp-content\/uploads\/2024\/09\/IMG_20240929_213409_234.webp 1080w\" sizes=\"(max-width: 1024px) 100vw, 1024px\" \/><\/figure>\n\n\n\n<p>Marinela Servitje, una de las fil\u00e1ntropas m\u00e1s reconocidas en el pa\u00eds, ahond\u00f3 sobre la importancia de la responsabilidad social de las empresas como uno de los pilares de su operaci\u00f3n: \u201cEl ser responsables socialmente no es una moda, ni debe serlo. Debe de ser algo que exista y que los empresarios debemos de practicar en nuestra cotidianidad.\u201d<\/p>\n\n\n\n<p>El libro puede ser adquirido a trav\u00e9s del sitio web:&nbsp;<a href=\"http:\/\/capitalismosocial.mx\/\" target=\"_blank\" rel=\"noreferrer noopener\">capitalismosocial.mx<\/a><\/p>\n","protected":false},"excerpt":{"rendered":"<p>Monterrey.- En la Feria Internacional del Libro de Monterrey fue presentado al p\u00fablico el segundo libro \u2014 de una serie de tres \u2014 que aborda los principios del capitalismo social.&nbsp; La Iniciativa de Capitalismo Social del Centro Eugenio Garza Sada impulsa un modelo que genere desarrollo humano y econ\u00f3mico a la par. Los libros sobre [&hellip;]<\/p>\n","protected":false},"author":1,"featured_media":124530,"comment_status":"open","ping_status":"open","sticky":true,"template":"","format":"standard","meta":{"footnotes":""},"categories":[11,14],"tags":[],"_links":{"self":[{"href":"https:\/\/diariodigitalmx.com\/index.php\/wp-json\/wp\/v2\/posts\/124523"}],"collection":[{"href":"https:\/\/diariodigitalmx.com\/index.php\/wp-json\/wp\/v2\/posts"}],"about":[{"href":"https:\/\/diariodigitalmx.com\/index.php\/wp-json\/wp\/v2\/types\/post"}],"author":[{"embeddable":true,"href":"https:\/\/diariodigitalmx.com\/index.php\/wp-json\/wp\/v2\/users\/1"}],"replies":[{"embeddable":true,"href":"https:\/\/diariodigitalmx.com\/index.php\/wp-json\/wp\/v2\/comments?post=124523"}],"version-history":[{"count":3,"href":"https:\/\/diariodigitalmx.com\/index.php\/wp-json\/wp\/v2\/posts\/124523\/revisions"}],"predecessor-version":[{"id":124535,"href":"https:\/\/diariodigitalmx.com\/index.php\/wp-json\/wp\/v2\/posts\/124523\/revisions\/124535"}],"wp:featuredmedia":[{"embeddable":true,"href":"https:\/\/diariodigitalmx.com\/index.php\/wp-json\/wp\/v2\/media\/124530"}],"wp:attachment":[{"href":"https:\/\/diariodigitalmx.com\/index.php\/wp-json\/wp\/v2\/media?parent=124523"}],"wp:term":[{"taxonomy":"category","embeddable":true,"href":"https:\/\/diariodigitalmx.com\/index.php\/wp-json\/wp\/v2\/categories?post=124523"},{"taxonomy":"post_tag","embeddable":true,"href":"https:\/\/diariodigitalmx.com\/index.php\/wp-json\/wp\/v2\/tags?post=124523"}],"curies":[{"name":"wp","href":"https:\/\/api.w.org\/{rel}","templated":true}]}}