{"id":124842,"date":"2024-10-05T23:32:25","date_gmt":"2024-10-06T04:32:25","guid":{"rendered":"https:\/\/diariodigitalmx.com\/?p=124842"},"modified":"2024-10-05T23:33:40","modified_gmt":"2024-10-06T04:33:40","slug":"iluminan-de-verde-el-palacio-de-monterrey-para-sensibilizar-sobre-la-paralisis-cerebral","status":"publish","type":"post","link":"https:\/\/diariodigitalmx.com\/index.php\/2024\/10\/05\/iluminan-de-verde-el-palacio-de-monterrey-para-sensibilizar-sobre-la-paralisis-cerebral\/","title":{"rendered":"Iluminan de verde el Palacio de Monterrey para sensibilizar sobre la par\u00e1lisis cerebral"},"content":{"rendered":"\n<p>En conmemoraci\u00f3n del D\u00eda Mundial de la Par\u00e1lisis Cerebral este 6 de octubre, el Palacio Municipal de Monterrey se ilumin\u00f3 de color verde representativo de este trastorno neuromotor que afecta el movimiento corporal y la coordinaci\u00f3n muscular de forma permanente.<\/p>\n\n\n\n<p>El alcalde Adri\u00e1n de la Garza y la presidenta de DIF Monterrey, Gaby Oyervides refrendaron con esta acci\u00f3n su compromiso con las organizaciones de la sociedad civil para trabajar de manera conjunta para apoyar a los grupos en situaci\u00f3n de vulnerabilidad y elevar as\u00ed su calidad de vida.<\/p>\n\n\n\n<figure class=\"wp-block-image size-large\"><img loading=\"lazy\" decoding=\"async\" width=\"1024\" height=\"680\" src=\"https:\/\/diariodigitalmx.com\/wp-content\/uploads\/2024\/10\/PARALISIS-CEREBRAL-2-1024x680.jpg\" alt=\"\" class=\"wp-image-124845\" srcset=\"https:\/\/diariodigitalmx.com\/wp-content\/uploads\/2024\/10\/PARALISIS-CEREBRAL-2-1024x680.jpg 1024w, https:\/\/diariodigitalmx.com\/wp-content\/uploads\/2024\/10\/PARALISIS-CEREBRAL-2-300x199.jpg 300w, https:\/\/diariodigitalmx.com\/wp-content\/uploads\/2024\/10\/PARALISIS-CEREBRAL-2-768x510.jpg 768w, https:\/\/diariodigitalmx.com\/wp-content\/uploads\/2024\/10\/PARALISIS-CEREBRAL-2.jpg 1280w\" sizes=\"(max-width: 1024px) 100vw, 1024px\" \/><\/figure>\n\n\n\n<p>El acto simb\u00f3lico realizado en coordinaci\u00f3n con el Instituto Nuevo Amanecer busca crear conciencia en la poblaci\u00f3n, fomentar la prevenci\u00f3n y promover la atenci\u00f3n temprana de esta condici\u00f3n a fin de que&nbsp; infantes, j\u00f3venes y adultos con par\u00e1lisis cerebral y sus familias desarrollen habilidades para la vida diaria, socializaci\u00f3n e integraci\u00f3n.<\/p>\n","protected":false},"excerpt":{"rendered":"<p>En conmemoraci\u00f3n del D\u00eda Mundial de la Par\u00e1lisis Cerebral este 6 de octubre, el Palacio Municipal de Monterrey se ilumin\u00f3 de color verde representativo de este trastorno neuromotor que afecta el movimiento corporal y la coordinaci\u00f3n muscular de forma permanente. El alcalde Adri\u00e1n de la Garza y la presidenta de DIF Monterrey, Gaby Oyervides refrendaron [&hellip;]<\/p>\n","protected":false},"author":1,"featured_media":124844,"comment_status":"open","ping_status":"open","sticky":true,"template":"","format":"standard","meta":{"footnotes":""},"categories":[14,6],"tags":[],"_links":{"self":[{"href":"https:\/\/diariodigitalmx.com\/index.php\/wp-json\/wp\/v2\/posts\/124842"}],"collection":[{"href":"https:\/\/diariodigitalmx.com\/index.php\/wp-json\/wp\/v2\/posts"}],"about":[{"href":"https:\/\/diariodigitalmx.com\/index.php\/wp-json\/wp\/v2\/types\/post"}],"author":[{"embeddable":true,"href":"https:\/\/diariodigitalmx.com\/index.php\/wp-json\/wp\/v2\/users\/1"}],"replies":[{"embeddable":true,"href":"https:\/\/diariodigitalmx.com\/index.php\/wp-json\/wp\/v2\/comments?post=124842"}],"version-history":[{"count":2,"href":"https:\/\/diariodigitalmx.com\/index.php\/wp-json\/wp\/v2\/posts\/124842\/revisions"}],"predecessor-version":[{"id":124847,"href":"https:\/\/diariodigitalmx.com\/index.php\/wp-json\/wp\/v2\/posts\/124842\/revisions\/124847"}],"wp:featuredmedia":[{"embeddable":true,"href":"https:\/\/diariodigitalmx.com\/index.php\/wp-json\/wp\/v2\/media\/124844"}],"wp:attachment":[{"href":"https:\/\/diariodigitalmx.com\/index.php\/wp-json\/wp\/v2\/media?parent=124842"}],"wp:term":[{"taxonomy":"category","embeddable":true,"href":"https:\/\/diariodigitalmx.com\/index.php\/wp-json\/wp\/v2\/categories?post=124842"},{"taxonomy":"post_tag","embeddable":true,"href":"https:\/\/diariodigitalmx.com\/index.php\/wp-json\/wp\/v2\/tags?post=124842"}],"curies":[{"name":"wp","href":"https:\/\/api.w.org\/{rel}","templated":true}]}}