{"id":125388,"date":"2024-10-15T23:31:28","date_gmt":"2024-10-16T04:31:28","guid":{"rendered":"https:\/\/diariodigitalmx.com\/?p=125388"},"modified":"2024-10-15T23:43:48","modified_gmt":"2024-10-16T04:43:48","slug":"aumenta-numero-de-integrantes-de-la-asociacion-de-alcaldes-de-nuevo-leon","status":"publish","type":"post","link":"https:\/\/diariodigitalmx.com\/index.php\/2024\/10\/15\/aumenta-numero-de-integrantes-de-la-asociacion-de-alcaldes-de-nuevo-leon\/","title":{"rendered":"Aumenta n\u00famero de integrantes de la Asociaci\u00f3n de Alcaldes de Nuevo Le\u00f3n"},"content":{"rendered":"\n<figure class=\"wp-block-image size-large\"><img loading=\"lazy\" decoding=\"async\" width=\"1024\" height=\"683\" src=\"https:\/\/diariodigitalmx.com\/wp-content\/uploads\/2024\/10\/IMG-20241015-WA0142-1024x683.jpg\" alt=\"\" class=\"wp-image-125398\" srcset=\"https:\/\/diariodigitalmx.com\/wp-content\/uploads\/2024\/10\/IMG-20241015-WA0142-1024x683.jpg 1024w, https:\/\/diariodigitalmx.com\/wp-content\/uploads\/2024\/10\/IMG-20241015-WA0142-300x200.jpg 300w, https:\/\/diariodigitalmx.com\/wp-content\/uploads\/2024\/10\/IMG-20241015-WA0142-768x512.jpg 768w, https:\/\/diariodigitalmx.com\/wp-content\/uploads\/2024\/10\/IMG-20241015-WA0142-1536x1024.jpg 1536w, https:\/\/diariodigitalmx.com\/wp-content\/uploads\/2024\/10\/IMG-20241015-WA0142.jpg 1600w\" sizes=\"(max-width: 1024px) 100vw, 1024px\" \/><\/figure>\n\n\n\n<p>Gracias a la convocatoria que hizo el mun\u00edcipe de Santiago, David de la Pe\u00f1a, 15 de sus hom\u00f3logos de las zonas norte y sur del estado se dieron cita en un restaurante del Pueblo M\u00e1gico, para adherirse a la reci\u00e9n creada agrupaci\u00f3n.<\/p>\n\n\n\n<p>Como su presidente en turno, Adri\u00e1n de la Garza explic\u00f3 que se busca abarcar a los 51 municipios de Nuevo Le\u00f3n para que integren la asociaci\u00f3n y juntos, apoyarse en cualquier tema y gesti\u00f3n para beneficio de sus habitantes.<\/p>\n\n\n\n<p>Aunque mencion\u00f3 que las ciudades comparten problemas comunes, hay muchas que por el tama\u00f1o de su poblaci\u00f3n tienen otros requerimientos, por lo que este grupo servir\u00e1 para conocer los problemas de cada municipio y ver la forma de cooperar entre todos para atender las demandas de la zona rural, conurbada y metropolitana.<\/p>\n\n\n\n<figure class=\"wp-block-image size-large\"><img loading=\"lazy\" decoding=\"async\" width=\"1024\" height=\"683\" src=\"https:\/\/diariodigitalmx.com\/wp-content\/uploads\/2024\/10\/IMG-20241015-WA0150-1024x683.jpg\" alt=\"\" class=\"wp-image-125400\" srcset=\"https:\/\/diariodigitalmx.com\/wp-content\/uploads\/2024\/10\/IMG-20241015-WA0150-1024x683.jpg 1024w, https:\/\/diariodigitalmx.com\/wp-content\/uploads\/2024\/10\/IMG-20241015-WA0150-300x200.jpg 300w, https:\/\/diariodigitalmx.com\/wp-content\/uploads\/2024\/10\/IMG-20241015-WA0150-768x512.jpg 768w, https:\/\/diariodigitalmx.com\/wp-content\/uploads\/2024\/10\/IMG-20241015-WA0150-1536x1024.jpg 1536w, https:\/\/diariodigitalmx.com\/wp-content\/uploads\/2024\/10\/IMG-20241015-WA0150.jpg 1600w\" sizes=\"(max-width: 1024px) 100vw, 1024px\" \/><\/figure>\n\n\n\n<p>\u201cEstoy seguro que en la medida en que empecemos a estrechar lazos algunos alcaldes tambi\u00e9n pudieran incorporarse, lo que estamos tratando de hacer nada m\u00e1s es que podamos hacer una constante comunicaci\u00f3n para conocimiento de los trabajos de cada uno, no es un tema de partido, sino de c\u00f3mo fortalecer y estrechar lazos\u201d, explic\u00f3 De la Garza.<\/p>\n\n\n\n<p>\u201cYa no podemos poner pretexto y parar cosas que son en beneficio de la ciudadan\u00eda por situaciones o tecnicismos o peque\u00f1os detalles, tenemos que encontrarle salida, encontrarle soluciones alternas, encontrar el c\u00f3mo s\u00ed podamos resolver estos problemas\u201d.<\/p>\n\n\n\n<p>Reconoci\u00f3 que hay situaciones que sobrepasan las fronteras y que habr\u00e1 la necesidad de implementar acciones en una ciudad para beneficiar al vecino, para lo cual estar\u00e1n coordin\u00e1ndose y reuni\u00e9ndose continuamente.<\/p>\n\n\n\n<p>\u201cNo quer\u00edamos dejar a unos alcaldes aislados, sino que pudieran incluir a alcaldes del \u00e1rea rurales, si est\u00e1n de acuerdo en asociarse por sectores y que se re\u00fanan para lograr acuerdos, trabajar en conjunto y fortalecerse con buenas pr\u00e1cticas\u201d, sugiri\u00f3.<\/p>\n\n\n\n<p>Por su parte, el anfitri\u00f3n, David de la Pe\u00f1a, explic\u00f3 que hay temas urgentes por sacar adelante.<\/p>\n\n\n\n<p>\u201cEstamos sum\u00e1ndonos todos los alcaldes a la agrupaci\u00f3n, acordamos que se van a generar regiones y se sumen para trabajar juntos por el estado. Hay distintos temas relevantes para trabajar coordinadamente, como la seguridad, porque estamos en crisis\u201d.<\/p>\n\n\n\n<p>\u201cEl tema financiero o presupuestos, los recursos p\u00fablicos, son otro asunto; la salud, porque tambi\u00e9n estamos en crisis sanitaria con el dengue, tenemos que ver qu\u00e9 hacer para generar recursos y dar buenos servicios a la comunidad\u201d, afirm\u00f3.<\/p>\n\n\n\n<p>Los ediles aceptaron seguir dialogando porque en menos de dos meses tienen que enviar los presupuestos de cada ciudad al Congreso, adem\u00e1s de la Ley de Coordinaci\u00f3n Hacendaria, para fortalecer a los municipios, sin distingo de colores.<\/p>\n","protected":false},"excerpt":{"rendered":"<p>Gracias a la convocatoria que hizo el mun\u00edcipe de Santiago, David de la Pe\u00f1a, 15 de sus hom\u00f3logos de las zonas norte y sur del estado se dieron cita en un restaurante del Pueblo M\u00e1gico, para adherirse a la reci\u00e9n creada agrupaci\u00f3n. Como su presidente en turno, Adri\u00e1n de la Garza explic\u00f3 que se busca [&hellip;]<\/p>\n","protected":false},"author":1,"featured_media":125397,"comment_status":"open","ping_status":"open","sticky":true,"template":"","format":"standard","meta":{"footnotes":""},"categories":[6,3],"tags":[],"_links":{"self":[{"href":"https:\/\/diariodigitalmx.com\/index.php\/wp-json\/wp\/v2\/posts\/125388"}],"collection":[{"href":"https:\/\/diariodigitalmx.com\/index.php\/wp-json\/wp\/v2\/posts"}],"about":[{"href":"https:\/\/diariodigitalmx.com\/index.php\/wp-json\/wp\/v2\/types\/post"}],"author":[{"embeddable":true,"href":"https:\/\/diariodigitalmx.com\/index.php\/wp-json\/wp\/v2\/users\/1"}],"replies":[{"embeddable":true,"href":"https:\/\/diariodigitalmx.com\/index.php\/wp-json\/wp\/v2\/comments?post=125388"}],"version-history":[{"count":2,"href":"https:\/\/diariodigitalmx.com\/index.php\/wp-json\/wp\/v2\/posts\/125388\/revisions"}],"predecessor-version":[{"id":125401,"href":"https:\/\/diariodigitalmx.com\/index.php\/wp-json\/wp\/v2\/posts\/125388\/revisions\/125401"}],"wp:featuredmedia":[{"embeddable":true,"href":"https:\/\/diariodigitalmx.com\/index.php\/wp-json\/wp\/v2\/media\/125397"}],"wp:attachment":[{"href":"https:\/\/diariodigitalmx.com\/index.php\/wp-json\/wp\/v2\/media?parent=125388"}],"wp:term":[{"taxonomy":"category","embeddable":true,"href":"https:\/\/diariodigitalmx.com\/index.php\/wp-json\/wp\/v2\/categories?post=125388"},{"taxonomy":"post_tag","embeddable":true,"href":"https:\/\/diariodigitalmx.com\/index.php\/wp-json\/wp\/v2\/tags?post=125388"}],"curies":[{"name":"wp","href":"https:\/\/api.w.org\/{rel}","templated":true}]}}